[{"@context":"https:\/\/schema.org\/","@type":"Article","@id":"https:\/\/www.emfi.cz\/vuz-nemusite-primo-vlastnit\/#Article","mainEntityOfPage":"https:\/\/www.emfi.cz\/vuz-nemusite-primo-vlastnit\/","headline":"V\u016fz nemus\u00edte p\u0159\u00edmo vlastnit","name":"V\u016fz nemus\u00edte p\u0159\u00edmo vlastnit","description":"Jestli\u017ee chcete po\u017e\u00e1dat o ruku svou vyvolenou, m\u011bla by to b\u00fdt ud\u00e1lost z\u00e1sadn\u00edho charakteru, den, na kter\u00fd bude Va\u0161e (snad) nast\u00e1vaj\u00edc\u00ed vzpom\u00ednat cel\u00fd \u017eivot. Pokud se V\u00e1m povede tedy \u017e\u00e1dost podat jedine\u010dn\u00fdm zp\u016fsobem, m\u00e1te z poloviny vyhr\u00e1no. Je\u0161t\u011b V\u00e1s v\u0161ak \u010dek\u00e1 dal\u0161\u00ed, nem\u00e9n\u011b n\u00e1ro\u010dn\u00e1 povinnost, kterou je sezn\u00e1mit se s jej\u00edmi rodi\u010di. M\u011bli byste k [&hellip;]","datePublished":"2025-04-09","dateModified":"2025-04-09","author":{"@type":"Person","@id":"https:\/\/www.emfi.cz\/author\/#Person","name":"","url":"https:\/\/www.emfi.cz\/author\/","identifier":1,"image":{"@type":"ImageObject","@id":"https:\/\/secure.gravatar.com\/avatar\/e0a4ee3123bc6cda06472cb29cefd2abfa18c894e6c63b3d8bc84df8da10f637?s=96&d=mm&r=g","url":"https:\/\/secure.gravatar.com\/avatar\/e0a4ee3123bc6cda06472cb29cefd2abfa18c894e6c63b3d8bc84df8da10f637?s=96&d=mm&r=g","height":96,"width":96}},"publisher":{"@type":"Organization","name":"emfi.cz","logo":{"@type":"ImageObject","@id":"\/logo.png","url":"\/logo.png","width":600,"height":60}},"url":"https:\/\/www.emfi.cz\/vuz-nemusite-primo-vlastnit\/","wordCount":235,"articleBody":" Jestli\u017ee chcete po\u017e\u00e1dat o ruku svou vyvolenou, m\u011bla by to b\u00fdt ud\u00e1lost z\u00e1sadn\u00edho charakteru, den, na kter\u00fd bude Va\u0161e (snad) nast\u00e1vaj\u00edc\u00ed vzpom\u00ednat cel\u00fd \u017eivot. Pokud se V\u00e1m povede tedy \u017e\u00e1dost podat jedine\u010dn\u00fdm zp\u016fsobem, m\u00e1te z poloviny vyhr\u00e1no. Je\u0161t\u011b V\u00e1s v\u0161ak \u010dek\u00e1 dal\u0161\u00ed, nem\u00e9n\u011b n\u00e1ro\u010dn\u00e1 povinnost, kterou je sezn\u00e1mit se s jej\u00edmi rodi\u010di. M\u011bli byste k nim v\u0161ak p\u0159ijet v modern\u00edm voze, abyste vzbudili ten nejlep\u0161\u00ed dojem. Takov\u00fd v\u016fz V\u00e1m snadno zap\u016fj\u010d\u00ed na\u0161e autop\u016fj\u010dovna. Autop\u016fj\u010dovna M\u00e1te-li dojem, \u017ee o v\u016fz snad p\u0159\u00edli\u0161 nejde, m\u00e1te pravdu, ale i nem\u00e1te. Samoz\u0159ejm\u011b, \u017ee v\u016fz nen\u00ed v t\u00e9to situaci prioritou. Nicm\u00e9n\u011b, bude-li nast\u00e1vaj\u00edc\u00ed jejich dcery budit ten nejlep\u0161\u00ed dojem, dojem, \u017ee dok\u00e1\u017ee b\u00fdt na \u00farovni po v\u0161ech str\u00e1nk\u00e1ch, jist\u011b to bude pro V\u00e1s velk\u00e9 plus. V\u016fz nemus\u00edte p\u0159\u00edmo vlastnit, od toho je zde autop\u016fj\u010dovna. Osl\u0148te rodi\u010de A rozhodnete-li se pro cestu k rodi\u010d\u016fm Va\u0161im i jej\u00edm narychlo, spont\u00e1nn\u011b, nen\u00ed to pro n\u00e1s \u017e\u00e1dn\u00fd probl\u00e9m, na\u0161e autop\u016fj\u010dovna je zde pro V\u00e1s k dispozici 24 hodin denn\u011b, 7 dn\u00ed v t\u00fddnu.                                                                                                                                                                                                                                                                                                                                                                                                "},{"@context":"https:\/\/schema.org\/","@type":"BreadcrumbList","itemListElement":[{"@type":"ListItem","position":1,"name":"V\u016fz nemus\u00edte p\u0159\u00edmo vlastnit","item":"https:\/\/www.emfi.cz\/vuz-nemusite-primo-vlastnit\/#breadcrumbitem"}]}]