[{"@context":"https:\/\/schema.org\/","@type":"Article","@id":"https:\/\/www.emfi.cz\/ulozeni-k-zimnimu-spanku\/#Article","mainEntityOfPage":"https:\/\/www.emfi.cz\/ulozeni-k-zimnimu-spanku\/","headline":"Ulo\u017een\u00ed k zimn\u00edmu sp\u00e1nku","name":"Ulo\u017een\u00ed k zimn\u00edmu sp\u00e1nku","description":"&#13; Bohu\u017eel po\u010das\u00ed v posledn\u00edch n\u011bkolika desetilet\u00edch zlob\u00ed nejen n\u00e1s, ale i samotnou p\u0159\u00edrodu, proto nezb\u00fdv\u00e1, ne\u017e \u010dekat, co n\u00e1m p\u0159\u00edroda op\u011bt p\u0159iprav\u00ed za p\u0159ekvapen\u00ed. Ale v \u017e\u00e1dn\u00e9m p\u0159\u00edpad\u011b by n\u00e1s nem\u011bla zastihnout nep\u0159ipraven\u00e9, a to hlavn\u011b co se t\u00fdk\u00e1 zahr\u00e1dk\u00e1\u0159\u016f. Ti by m\u011bli p\u00e9\u010di o svou zahr\u00e1dku p\u0159ed p\u0159\u00edchodem zimy v\u011bnovat maxim\u00e1ln\u00ed p\u00e9\u010di.Kyti\u010dky a [&hellip;]","datePublished":"2018-06-26","dateModified":"2023-05-07","author":{"@type":"Person","@id":"https:\/\/www.emfi.cz\/author\/#Person","name":"","url":"https:\/\/www.emfi.cz\/author\/","identifier":1,"image":{"@type":"ImageObject","@id":"https:\/\/secure.gravatar.com\/avatar\/e0a4ee3123bc6cda06472cb29cefd2abfa18c894e6c63b3d8bc84df8da10f637?s=96&d=mm&r=g","url":"https:\/\/secure.gravatar.com\/avatar\/e0a4ee3123bc6cda06472cb29cefd2abfa18c894e6c63b3d8bc84df8da10f637?s=96&d=mm&r=g","height":96,"width":96}},"publisher":{"@type":"Organization","name":"emfi.cz","logo":{"@type":"ImageObject","@id":"\/logo.png","url":"\/logo.png","width":600,"height":60}},"image":{"@type":"ImageObject","@id":"https:\/\/www.emfi.cz\/wp-content\/uploads\/img_a319634_w2376_t1530643325.jpg","url":"https:\/\/www.emfi.cz\/wp-content\/uploads\/img_a319634_w2376_t1530643325.jpg","height":0,"width":0},"url":"https:\/\/www.emfi.cz\/ulozeni-k-zimnimu-spanku\/","wordCount":416,"articleBody":"&#13; Bohu\u017eel po\u010das\u00ed v posledn\u00edch n\u011bkolika desetilet\u00edch zlob\u00ed nejen n\u00e1s, ale i samotnou p\u0159\u00edrodu, proto nezb\u00fdv\u00e1, ne\u017e \u010dekat, co n\u00e1m p\u0159\u00edroda op\u011bt p\u0159iprav\u00ed za p\u0159ekvapen\u00ed. Ale v \u017e\u00e1dn\u00e9m p\u0159\u00edpad\u011b by n\u00e1s nem\u011bla zastihnout nep\u0159ipraven\u00e9, a to hlavn\u011b co se t\u00fdk\u00e1 zahr\u00e1dk\u00e1\u0159\u016f. Ti by m\u011bli p\u00e9\u010di o svou zahr\u00e1dku p\u0159ed p\u0159\u00edchodem zimy  v\u011bnovat maxim\u00e1ln\u00ed p\u00e9\u010di.Kyti\u010dky a spol. &#13; Ide\u00e1ln\u00edm obyvatelem zahr\u00e1dek jsou trvalky, kter\u00e9 dok\u00e1\u017e\u00ed p\u0159e\u010dkat zimu a mr\u00e1z. Jedin\u00fdm probl\u00e9mem u nich je to, \u017ee jarn\u00ed m\u011bs\u00edce mohou p\u0159in\u00e9st spole\u010dn\u011b s teplem i r\u016fzn\u00e9 choroby. Abychom tomuto zabr\u00e1nily, hl\u00edna by m\u011bla b\u00fdt vzdu\u0161n\u00e1 a bez n\u00e1nosu spadan\u00e9ho list\u00ed, na zimu posta\u010d\u00ed zakr\u00fdt chvoj\u00edm. U n\u011bkter\u00fdch druh\u016f skalni\u010dek si vysta\u010d\u00edme s jednoduchou ochranou, sta\u010d\u00ed rostlinku zakr\u00fdt n\u011bjakou n\u00e1dobou.&#13; Dal\u0161\u00edm p\u011bstovan\u00fdm druhem b\u00fdvaj\u00ed i bylinky, kter\u00e9 se hojn\u011b pou\u017e\u00edvaj\u00ed p\u0159i va\u0159en\u00ed. Ty bychom m\u011bli ochr\u00e1nit p\u0159ed mokrem a zimou. Proto je lep\u0161\u00ed p\u011bstovat je v n\u00e1dob\u00e1ch a ty pak na zimu um\u00edstit do vnit\u0159n\u00edch prostor. Na zahr\u00e1dce m\u016f\u017eeme ponechat jen n\u011bkter\u00e9 z nich, nap\u0159. levanduli nebo \u0161alv\u011bj, ty posta\u010d\u00ed pouze p\u0159ikr\u00fdt, pou\u017e\u00edt se d\u00e1 i l\u00e1tka.&#13; Shraban\u00fdm list\u00edm se daj\u00ed p\u0159ed mrazy ochr\u00e1nit cibuloviny, oproti bylink\u00e1m a kyti\u010dk\u00e1m jsou hloub\u011bji v zemi.&#13; A\u010d se to nezd\u00e1, tak vzne\u0161en\u00e1 kv\u011btina jako je r\u016f\u017ee, nem\u00e1 zvl\u00e1\u0161tn\u00ed n\u00e1roky a v\u016f\u010di zim\u011b je velice odoln\u00e1, k ochran\u011b p\u0159ed tuh\u00fdmi mrazy posta\u010d\u00ed nap\u0159. mul\u010dovac\u00ed k\u016fra. Nijak ke\u0159e z\u00e1sadn\u011b nezkracujeme, tyto \u00fapravy se prov\u00e1d\u00ed a\u017e s p\u0159\u00edchodem jarn\u00edch m\u011bs\u00edc\u016f.Zelen\u00e9 ploty&#13; Okrasou ka\u017ed\u00e9 zahrady je \u017eiv\u00fd plot, kr\u00e1sn\u011b zelen\u00fd a dob\u0159e zast\u0159i\u017een\u00fd dod\u00e1v\u00e1 okol\u00ed domu i jistou eleganci a vzne\u0161enost. Prvn\u00edch n\u011bkolik let je o n\u011bj t\u0159eba v\u00edce pe\u010dovat a chr\u00e1nit hlavn\u011b ko\u0159eny, op\u011bt m\u016f\u017eeme vyu\u017e\u00edt list\u00ed. Jen tak budeme m\u00edt v n\u00e1sleduj\u00edc\u00edch letech \u017eiv\u00fd plot, kter\u00fd bude nejeden soused z\u00e1vid\u011bt.                                                                                                                                                                                                                                                                                                                                                                                        3.9\/5 - (14 votes)        "},{"@context":"https:\/\/schema.org\/","@type":"BreadcrumbList","itemListElement":[{"@type":"ListItem","position":1,"name":"Ulo\u017een\u00ed k zimn\u00edmu sp\u00e1nku","item":"https:\/\/www.emfi.cz\/ulozeni-k-zimnimu-spanku\/#breadcrumbitem"}]}]