[{"@context":"https:\/\/schema.org\/","@type":"Article","@id":"https:\/\/www.emfi.cz\/prijemne-prostredi-na-spani\/#Article","mainEntityOfPage":"https:\/\/www.emfi.cz\/prijemne-prostredi-na-spani\/","headline":"P\u0159\u00edjemn\u00e9 prost\u0159ed\u00ed na span\u00ed","name":"P\u0159\u00edjemn\u00e9 prost\u0159ed\u00ed na span\u00ed","description":"Sp\u00e1nek pat\u0159\u00ed neodmysliteln\u011b k na\u0161emu \u017eivotu. P\u0159esn\u011bji \u0159e\u010deno v posteli str\u00e1v\u00edme velkou \u010d\u00e1st sv\u00e9ho \u017eivota. A proto je tak\u00e9 velmi d\u016fle\u017eit\u00e9, jak\u00e9 prost\u0159ed\u00ed si pro takov\u00fd odpo\u010dinek vytvo\u0159\u00edme. Pohodl\u00ed by se m\u011blo spojit s prakti\u010dnost\u00ed. V lo\u017enici by m\u011blo b\u00fdt takov\u00e9 vybaven\u00ed a za\u0159\u00edzen\u00ed, je\u017e je schopno uklid\u0148ovat a pod\u00edlet se na va\u0161\u00ed pohod\u011b. Ale [&hellip;]","datePublished":"2024-12-22","dateModified":"2024-12-22","author":{"@type":"Person","@id":"https:\/\/www.emfi.cz\/author\/#Person","name":"","url":"https:\/\/www.emfi.cz\/author\/","identifier":1,"image":{"@type":"ImageObject","@id":"https:\/\/secure.gravatar.com\/avatar\/e0a4ee3123bc6cda06472cb29cefd2abfa18c894e6c63b3d8bc84df8da10f637?s=96&d=mm&r=g","url":"https:\/\/secure.gravatar.com\/avatar\/e0a4ee3123bc6cda06472cb29cefd2abfa18c894e6c63b3d8bc84df8da10f637?s=96&d=mm&r=g","height":96,"width":96}},"publisher":{"@type":"Organization","name":"emfi.cz","logo":{"@type":"ImageObject","@id":"\/logo.png","url":"\/logo.png","width":600,"height":60}},"url":"https:\/\/www.emfi.cz\/prijemne-prostredi-na-spani\/","wordCount":206,"articleBody":"Sp\u00e1nek pat\u0159\u00ed neodmysliteln\u011b k na\u0161emu \u017eivotu. P\u0159esn\u011bji \u0159e\u010deno v posteli str\u00e1v\u00edme velkou \u010d\u00e1st sv\u00e9ho \u017eivota. A proto je tak\u00e9 velmi d\u016fle\u017eit\u00e9, jak\u00e9 prost\u0159ed\u00ed si pro takov\u00fd odpo\u010dinek vytvo\u0159\u00edme. Pohodl\u00ed by se m\u011blo spojit s prakti\u010dnost\u00ed. V lo\u017enici by m\u011blo b\u00fdt takov\u00e9 vybaven\u00ed a za\u0159\u00edzen\u00ed, je\u017e je schopno uklid\u0148ovat a pod\u00edlet se na va\u0161\u00ed pohod\u011b. Ale m\u011bl by tu b\u00fdt tak\u00e9 n\u00e1bytek, kter\u00fd vytvo\u0159\u00ed \u00fa\u010deln\u00e9 za\u0159\u00edzen\u00ed pro pot\u0159eby, kter\u00e9 m\u00e1te. Na vybaven\u00ed z\u00e1le\u017e\u00ed Do ka\u017ed\u00e9 m\u00edstnosti se hod\u00ed jin\u00fd n\u00e1bytek i jin\u00e9 dopl\u0148ky. Ka\u017ed\u00fd interi\u00e9r m\u00e1 takov\u00e9 za\u0159\u00edzen\u00ed, kter\u00e9 odpov\u00edd\u00e1 \u00fa\u010delu jeho vyu\u017eit\u00ed. S lo\u017enic\u00ed je spojen odpo\u010dinek a span\u00ed, a tak je dobr\u00e9 m\u00edt zde kolem sebe v\u011bci, za\u0159\u00edzen\u00ed a dopl\u0148ky, kter\u00e9 jsou schopny zajistit dostate\u010dn\u00e9 pohodl\u00ed. A tak\u00e9 by m\u011bly dok\u00e1zat uklid\u0148ovat a vytv\u00e1\u0159et p\u0159\u00edjemnou atmosf\u00e9ru. Vybaven\u00ed by m\u011blo b\u00fdt nejen hezk\u00e9 na pohled a navz\u00e1jem barevn\u011b slad\u011bn\u00e9, ale m\u011blo by b\u00fdt i dostate\u010dn\u011b funk\u010dn\u00ed.                                                                                                                                                                                                                                                                                                                                                                                        4\/5 - (4 votes)        "},{"@context":"https:\/\/schema.org\/","@type":"BreadcrumbList","itemListElement":[{"@type":"ListItem","position":1,"name":"P\u0159\u00edjemn\u00e9 prost\u0159ed\u00ed na span\u00ed","item":"https:\/\/www.emfi.cz\/prijemne-prostredi-na-spani\/#breadcrumbitem"}]}]