[{"@context":"https:\/\/schema.org\/","@type":"Blog","@id":"https:\/\/www.emfi.cz#Blog","headline":"Emfi","description":"\nVa\u0161e reklama nemus\u00ed p\u016fsobit na nikoho otravn\u011b, vlezle, ur\u00e1\u017eliv\u011b, ba p\u0159\u00edmo odpudiv\u011b. Pokud si ji zad\u00e1te pr\u00e1v\u011b na na\u0161em webu, kde reklamu d\u011blat um\u00edme.","url":"https:\/\/www.emfi.cz","hasPart":[{"@type":"Article","@id":"https:\/\/www.emfi.cz\/jak-nakupovat-kontaktni-cocky-pres-internet\/","headline":"Jak nakupovat kontaktn\u00ed \u010do\u010dky p\u0159es internet","url":"https:\/\/www.emfi.cz\/jak-nakupovat-kontaktni-cocky-pres-internet\/","datePublished":"2023-05-07","dateModified":"2023-05-07","mainEntityOfPage":"https:\/\/www.emfi.cz\/jak-nakupovat-kontaktni-cocky-pres-internet\/","author":{"@type":"Person","@id":"https:\/\/www.emfi.cz\/author\/#Person","name":"","url":"https:\/\/www.emfi.cz\/author\/","identifier":1,"image":{"@type":"ImageObject","@id":"https:\/\/secure.gravatar.com\/avatar\/e0a4ee3123bc6cda06472cb29cefd2abfa18c894e6c63b3d8bc84df8da10f637?s=96&d=mm&r=g","url":"https:\/\/secure.gravatar.com\/avatar\/e0a4ee3123bc6cda06472cb29cefd2abfa18c894e6c63b3d8bc84df8da10f637?s=96&d=mm&r=g","height":96,"width":96}},"publisher":{"@type":"Organization","name":"emfi.cz","logo":{"@type":"ImageObject","@id":"\/logo.png","url":"\/logo.png","width":600,"height":60}},"image":{"@type":"ImageObject","@id":"https:\/\/www.emfi.cz\/wp-content\/uploads\/img_a327302_w2593_t1539531511.jpg","url":"https:\/\/www.emfi.cz\/wp-content\/uploads\/img_a327302_w2593_t1539531511.jpg","height":0,"width":0},"wordCount":4621,"keywords":null},{"@type":"Article","@id":"https:\/\/www.emfi.cz\/jak-postupovat-pri-ztrate-registracky\/","headline":"Jak postupovat p\u0159i ztr\u00e1t\u011b registra\u010dky","url":"https:\/\/www.emfi.cz\/jak-postupovat-pri-ztrate-registracky\/","datePublished":"2023-05-07","dateModified":"2023-05-07","mainEntityOfPage":"https:\/\/www.emfi.cz\/jak-postupovat-pri-ztrate-registracky\/","author":{"@type":"Person","@id":"https:\/\/www.emfi.cz\/author\/#Person","name":"","url":"https:\/\/www.emfi.cz\/author\/","identifier":1,"image":{"@type":"ImageObject","@id":"https:\/\/secure.gravatar.com\/avatar\/e0a4ee3123bc6cda06472cb29cefd2abfa18c894e6c63b3d8bc84df8da10f637?s=96&d=mm&r=g","url":"https:\/\/secure.gravatar.com\/avatar\/e0a4ee3123bc6cda06472cb29cefd2abfa18c894e6c63b3d8bc84df8da10f637?s=96&d=mm&r=g","height":96,"width":96}},"publisher":{"@type":"Organization","name":"emfi.cz","logo":{"@type":"ImageObject","@id":"\/logo.png","url":"\/logo.png","width":600,"height":60}},"image":{"@type":"ImageObject","@id":"https:\/\/www.emfi.cz\/wp-content\/uploads\/img_a326833_w1901_t1538993348.jpg","url":"https:\/\/www.emfi.cz\/wp-content\/uploads\/img_a326833_w1901_t1538993348.jpg","height":0,"width":0},"wordCount":511,"keywords":null},{"@type":"Article","@id":"https:\/\/www.emfi.cz\/cesta-za-menhirem\/","headline":"Cesta za menhirem","url":"https:\/\/www.emfi.cz\/cesta-za-menhirem\/","datePublished":"2023-05-07","dateModified":"2023-05-07","mainEntityOfPage":"https:\/\/www.emfi.cz\/cesta-za-menhirem\/","author":{"@type":"Person","@id":"https:\/\/www.emfi.cz\/author\/#Person","name":"","url":"https:\/\/www.emfi.cz\/author\/","identifier":1,"image":{"@type":"ImageObject","@id":"https:\/\/secure.gravatar.com\/avatar\/e0a4ee3123bc6cda06472cb29cefd2abfa18c894e6c63b3d8bc84df8da10f637?s=96&d=mm&r=g","url":"https:\/\/secure.gravatar.com\/avatar\/e0a4ee3123bc6cda06472cb29cefd2abfa18c894e6c63b3d8bc84df8da10f637?s=96&d=mm&r=g","height":96,"width":96}},"publisher":{"@type":"Organization","name":"emfi.cz","logo":{"@type":"ImageObject","@id":"\/logo.png","url":"\/logo.png","width":600,"height":60}},"image":{"@type":"ImageObject","@id":"https:\/\/www.emfi.cz\/wp-content\/uploads\/img_a312181_w2389_t1523216509.jpg","url":"https:\/\/www.emfi.cz\/wp-content\/uploads\/img_a312181_w2389_t1523216509.jpg","height":0,"width":0},"wordCount":484,"keywords":null},{"@type":"Article","@id":"https:\/\/www.emfi.cz\/sedm-dni-nadlidskeho-vykonu\/","headline":"Sedm dn\u00ed nadlidsk\u00e9ho v\u00fdkonu","url":"https:\/\/www.emfi.cz\/sedm-dni-nadlidskeho-vykonu\/","datePublished":"2023-05-07","dateModified":"2023-05-07","mainEntityOfPage":"https:\/\/www.emfi.cz\/sedm-dni-nadlidskeho-vykonu\/","author":{"@type":"Person","@id":"https:\/\/www.emfi.cz\/author\/#Person","name":"","url":"https:\/\/www.emfi.cz\/author\/","identifier":1,"image":{"@type":"ImageObject","@id":"https:\/\/secure.gravatar.com\/avatar\/e0a4ee3123bc6cda06472cb29cefd2abfa18c894e6c63b3d8bc84df8da10f637?s=96&d=mm&r=g","url":"https:\/\/secure.gravatar.com\/avatar\/e0a4ee3123bc6cda06472cb29cefd2abfa18c894e6c63b3d8bc84df8da10f637?s=96&d=mm&r=g","height":96,"width":96}},"publisher":{"@type":"Organization","name":"emfi.cz","logo":{"@type":"ImageObject","@id":"\/logo.png","url":"\/logo.png","width":600,"height":60}},"image":{"@type":"ImageObject","@id":"https:\/\/www.emfi.cz\/wp-content\/uploads\/img_a299798_w2274_t1509724271.jpg","url":"https:\/\/www.emfi.cz\/wp-content\/uploads\/img_a299798_w2274_t1509724271.jpg","height":0,"width":0},"wordCount":492,"keywords":null},{"@type":"Article","@id":"https:\/\/www.emfi.cz\/jako-james-bond\/","headline":"Jako James Bond","url":"https:\/\/www.emfi.cz\/jako-james-bond\/","datePublished":"2023-05-07","dateModified":"2023-05-07","mainEntityOfPage":"https:\/\/www.emfi.cz\/jako-james-bond\/","author":{"@type":"Person","@id":"https:\/\/www.emfi.cz\/author\/#Person","name":"","url":"https:\/\/www.emfi.cz\/author\/","identifier":1,"image":{"@type":"ImageObject","@id":"https:\/\/secure.gravatar.com\/avatar\/e0a4ee3123bc6cda06472cb29cefd2abfa18c894e6c63b3d8bc84df8da10f637?s=96&d=mm&r=g","url":"https:\/\/secure.gravatar.com\/avatar\/e0a4ee3123bc6cda06472cb29cefd2abfa18c894e6c63b3d8bc84df8da10f637?s=96&d=mm&r=g","height":96,"width":96}},"publisher":{"@type":"Organization","name":"emfi.cz","logo":{"@type":"ImageObject","@id":"\/logo.png","url":"\/logo.png","width":600,"height":60}},"image":{"@type":"ImageObject","@id":"https:\/\/www.emfi.cz\/wp-content\/uploads\/img_a299722_w2065_t1509644957.png","url":"https:\/\/www.emfi.cz\/wp-content\/uploads\/img_a299722_w2065_t1509644957.png","height":0,"width":0},"wordCount":478,"keywords":null},{"@type":"Article","@id":"https:\/\/www.emfi.cz\/strecha-nad-hlavou\/","headline":"St\u0159echa nad hlavou","url":"https:\/\/www.emfi.cz\/strecha-nad-hlavou\/","datePublished":"2023-05-07","dateModified":"2023-05-07","mainEntityOfPage":"https:\/\/www.emfi.cz\/strecha-nad-hlavou\/","author":{"@type":"Person","@id":"https:\/\/www.emfi.cz\/author\/#Person","name":"","url":"https:\/\/www.emfi.cz\/author\/","identifier":1,"image":{"@type":"ImageObject","@id":"https:\/\/secure.gravatar.com\/avatar\/e0a4ee3123bc6cda06472cb29cefd2abfa18c894e6c63b3d8bc84df8da10f637?s=96&d=mm&r=g","url":"https:\/\/secure.gravatar.com\/avatar\/e0a4ee3123bc6cda06472cb29cefd2abfa18c894e6c63b3d8bc84df8da10f637?s=96&d=mm&r=g","height":96,"width":96}},"publisher":{"@type":"Organization","name":"emfi.cz","logo":{"@type":"ImageObject","@id":"\/logo.png","url":"\/logo.png","width":600,"height":60}},"image":{"@type":"ImageObject","@id":"https:\/\/www.emfi.cz\/wp-content\/uploads\/img_a299336_w1906_t1509384011.jpg","url":"https:\/\/www.emfi.cz\/wp-content\/uploads\/img_a299336_w1906_t1509384011.jpg","height":0,"width":0},"wordCount":516,"keywords":null},{"@type":"Article","@id":"https:\/\/www.emfi.cz\/projev-britske-kralovny-v-parlamentu\/","headline":"Projev britsk\u00e9 kr\u00e1lovny v parlamentu","url":"https:\/\/www.emfi.cz\/projev-britske-kralovny-v-parlamentu\/","datePublished":"2023-05-07","dateModified":"2023-05-07","mainEntityOfPage":"https:\/\/www.emfi.cz\/projev-britske-kralovny-v-parlamentu\/","author":{"@type":"Person","@id":"https:\/\/www.emfi.cz\/author\/#Person","name":"","url":"https:\/\/www.emfi.cz\/author\/","identifier":1,"image":{"@type":"ImageObject","@id":"https:\/\/secure.gravatar.com\/avatar\/e0a4ee3123bc6cda06472cb29cefd2abfa18c894e6c63b3d8bc84df8da10f637?s=96&d=mm&r=g","url":"https:\/\/secure.gravatar.com\/avatar\/e0a4ee3123bc6cda06472cb29cefd2abfa18c894e6c63b3d8bc84df8da10f637?s=96&d=mm&r=g","height":96,"width":96}},"publisher":{"@type":"Organization","name":"emfi.cz","logo":{"@type":"ImageObject","@id":"\/logo.png","url":"\/logo.png","width":600,"height":60}},"image":{"@type":"ImageObject","@id":"https:\/\/www.emfi.cz\/wp-content\/uploads\/img_a296187_w2220_t1507380237.jpg","url":"https:\/\/www.emfi.cz\/wp-content\/uploads\/img_a296187_w2220_t1507380237.jpg","height":0,"width":0},"wordCount":531,"keywords":null},{"@type":"Article","@id":"https:\/\/www.emfi.cz\/moringovy-olej-neboli-magicky-dar-z-indie\/","headline":"Moringov\u00fd olej neboli magick\u00fd dar z Indie","url":"https:\/\/www.emfi.cz\/moringovy-olej-neboli-magicky-dar-z-indie\/","datePublished":"2023-05-07","dateModified":"2023-05-07","mainEntityOfPage":"https:\/\/www.emfi.cz\/moringovy-olej-neboli-magicky-dar-z-indie\/","author":{"@type":"Person","@id":"https:\/\/www.emfi.cz\/author\/#Person","name":"","url":"https:\/\/www.emfi.cz\/author\/","identifier":1,"image":{"@type":"ImageObject","@id":"https:\/\/secure.gravatar.com\/avatar\/e0a4ee3123bc6cda06472cb29cefd2abfa18c894e6c63b3d8bc84df8da10f637?s=96&d=mm&r=g","url":"https:\/\/secure.gravatar.com\/avatar\/e0a4ee3123bc6cda06472cb29cefd2abfa18c894e6c63b3d8bc84df8da10f637?s=96&d=mm&r=g","height":96,"width":96}},"publisher":{"@type":"Organization","name":"emfi.cz","logo":{"@type":"ImageObject","@id":"\/logo.png","url":"\/logo.png","width":600,"height":60}},"image":{"@type":"ImageObject","@id":"https:\/\/www.emfi.cz\/wp-content\/uploads\/img_a295063_w2230_t1506688285.jpg","url":"https:\/\/www.emfi.cz\/wp-content\/uploads\/img_a295063_w2230_t1506688285.jpg","height":0,"width":0},"wordCount":472,"keywords":null},{"@type":"Article","@id":"https:\/\/www.emfi.cz\/lahudka-zvana-kaviar\/","headline":"LAH\u016eDKA ZVAN\u00c1 KAVI\u00c1R","url":"https:\/\/www.emfi.cz\/lahudka-zvana-kaviar\/","datePublished":"2023-05-07","dateModified":"2023-05-07","mainEntityOfPage":"https:\/\/www.emfi.cz\/lahudka-zvana-kaviar\/","author":{"@type":"Person","@id":"https:\/\/www.emfi.cz\/author\/#Person","name":"","url":"https:\/\/www.emfi.cz\/author\/","identifier":1,"image":{"@type":"ImageObject","@id":"https:\/\/secure.gravatar.com\/avatar\/e0a4ee3123bc6cda06472cb29cefd2abfa18c894e6c63b3d8bc84df8da10f637?s=96&d=mm&r=g","url":"https:\/\/secure.gravatar.com\/avatar\/e0a4ee3123bc6cda06472cb29cefd2abfa18c894e6c63b3d8bc84df8da10f637?s=96&d=mm&r=g","height":96,"width":96}},"publisher":{"@type":"Organization","name":"emfi.cz","logo":{"@type":"ImageObject","@id":"\/logo.png","url":"\/logo.png","width":600,"height":60}},"image":{"@type":"ImageObject","@id":"https:\/\/www.emfi.cz\/wp-content\/uploads\/img_a294279_w2176_t1506161081.jpg","url":"https:\/\/www.emfi.cz\/wp-content\/uploads\/img_a294279_w2176_t1506161081.jpg","height":0,"width":0},"wordCount":611,"keywords":null},{"@type":"Article","@id":"https:\/\/www.emfi.cz\/projekt-kniha-do-vlaku\/","headline":"Projekt Kniha do vlaku","url":"https:\/\/www.emfi.cz\/projekt-kniha-do-vlaku\/","datePublished":"2023-05-07","dateModified":"2023-05-07","mainEntityOfPage":"https:\/\/www.emfi.cz\/projekt-kniha-do-vlaku\/","author":{"@type":"Person","@id":"https:\/\/www.emfi.cz\/author\/#Person","name":"","url":"https:\/\/www.emfi.cz\/author\/","identifier":1,"image":{"@type":"ImageObject","@id":"https:\/\/secure.gravatar.com\/avatar\/e0a4ee3123bc6cda06472cb29cefd2abfa18c894e6c63b3d8bc84df8da10f637?s=96&d=mm&r=g","url":"https:\/\/secure.gravatar.com\/avatar\/e0a4ee3123bc6cda06472cb29cefd2abfa18c894e6c63b3d8bc84df8da10f637?s=96&d=mm&r=g","height":96,"width":96}},"publisher":{"@type":"Organization","name":"emfi.cz","logo":{"@type":"ImageObject","@id":"\/logo.png","url":"\/logo.png","width":600,"height":60}},"image":{"@type":"ImageObject","@id":"https:\/\/www.emfi.cz\/wp-content\/uploads\/img_a289808_w2154_t1501311407.jpg","url":"https:\/\/www.emfi.cz\/wp-content\/uploads\/img_a289808_w2154_t1501311407.jpg","height":0,"width":0},"wordCount":527,"keywords":null}]},{"@context":"https:\/\/schema.org","@type":"WebSite","@id":"https:\/\/www.emfi.cz\/#website","name":"Emfi","url":"https:\/\/www.emfi.cz","potentialAction":{"@type":"SearchAction","target":"https:\/\/www.emfi.cz\/?s={search_term_string}","query-input":"required name=search_term_string"}}]