[{"@context":"https:\/\/schema.org\/","@type":"Article","@id":"https:\/\/www.emfi.cz\/oriflame\/#Article","mainEntityOfPage":"https:\/\/www.emfi.cz\/oriflame\/","headline":"Oriflame","name":"Oriflame","description":"Zn\u00e1te n\u011bjakou dobrou kosmetickou zna\u010dku, kter\u00e1 by vyhovovala nejenom \u017een\u011b, ale tak\u00e9 cel\u00e9 rodin\u011b? No samoz\u0159ejm\u011b, k t\u011bm ide\u00e1ln\u00edm pat\u0159\u00ed pr\u00e1v\u011b \u0161v\u00e9dsk\u00e1 kosmetika Oriflame. Kosmetick\u00e1 zna\u010dka Oriflame je toti\u017e v\u0161estrann\u011b zam\u011b\u0159enou zna\u010dkou i na d\u011btskou a p\u00e1nskou \u0159adu, nav\u00edc nab\u00edz\u00ed tak\u00e9 \u0159adu dopl\u0148k\u016f, jako bi\u017euterii, kabelky, p\u00e1sky, pen\u011b\u017eenky, v l\u00e9t\u011b nap\u0159\u00edklad parea, v zim\u011b \u0161\u00e1ly, [&hellip;]","datePublished":"2025-02-15","dateModified":"2025-02-15","author":{"@type":"Person","@id":"https:\/\/www.emfi.cz\/author\/#Person","name":"","url":"https:\/\/www.emfi.cz\/author\/","identifier":1,"image":{"@type":"ImageObject","@id":"https:\/\/secure.gravatar.com\/avatar\/e0a4ee3123bc6cda06472cb29cefd2abfa18c894e6c63b3d8bc84df8da10f637?s=96&d=mm&r=g","url":"https:\/\/secure.gravatar.com\/avatar\/e0a4ee3123bc6cda06472cb29cefd2abfa18c894e6c63b3d8bc84df8da10f637?s=96&d=mm&r=g","height":96,"width":96}},"publisher":{"@type":"Organization","name":"emfi.cz","logo":{"@type":"ImageObject","@id":"\/logo.png","url":"\/logo.png","width":600,"height":60}},"url":"https:\/\/www.emfi.cz\/oriflame\/","wordCount":162,"articleBody":"Zn\u00e1te n\u011bjakou dobrou kosmetickou zna\u010dku, kter\u00e1 by vyhovovala nejenom \u017een\u011b, ale tak\u00e9 cel\u00e9 rodin\u011b? No samoz\u0159ejm\u011b, k t\u011bm ide\u00e1ln\u00edm pat\u0159\u00ed pr\u00e1v\u011b \u0161v\u00e9dsk\u00e1 kosmetika Oriflame.Kosmetick\u00e1 zna\u010dka Oriflame je toti\u017e v\u0161estrann\u011b zam\u011b\u0159enou zna\u010dkou i na d\u011btskou a p\u00e1nskou \u0159adu, nav\u00edc nab\u00edz\u00ed tak\u00e9 \u0159adu dopl\u0148k\u016f, jako bi\u017euterii, kabelky, p\u00e1sky, pen\u011b\u017eenky, v l\u00e9t\u011b nap\u0159\u00edklad parea, v zim\u011b \u0161\u00e1ly, \u010depice, rukavice\u2026P\u0159id\u00e1te se?\u0158ady spokojen\u00fdch z\u00e1kazn\u00edk\u016f a z\u00e1kaznic hovo\u0159\u00ed samy za sebe a d\u011blaj\u00ed tak t\u00e9to kosmetice dobr\u00e9 jm\u00e9no a reklamu. Pokud nezn\u00e1te \u017e\u00e1dn\u00e9ho distributora z firmy Oriflame, nezoufejte a najd\u011bte si str\u00e1nky t\u00e9to firmy. Objedn\u00e1vat m\u016f\u017eete i jako neregistrovan\u00ed. V p\u0159\u00edpad\u011b spokojen\u00e9ho n\u00e1kupu v\u00e1m nikdo a nic nebr\u00e1n\u00ed v tom, abyste i vy roz\u0161\u00ed\u0159ili \u0159ady spokojen\u00fdch klient\u016f.                                                                                                                                                                                                                                                                                                                                                                                        4.7\/5 - (4 votes)        "},{"@context":"https:\/\/schema.org\/","@type":"BreadcrumbList","itemListElement":[{"@type":"ListItem","position":1,"name":"Oriflame","item":"https:\/\/www.emfi.cz\/oriflame\/#breadcrumbitem"}]}]