[{"@context":"https:\/\/schema.org\/","@type":"Article","@id":"https:\/\/www.emfi.cz\/nemate-v-rodokmenu-grazla\/#Article","mainEntityOfPage":"https:\/\/www.emfi.cz\/nemate-v-rodokmenu-grazla\/","headline":"Nem\u00e1te v rodokmenu gr\u00e1zla?","name":"Nem\u00e1te v rodokmenu gr\u00e1zla?","description":"N\u011bkte\u0159\u00ed lid\u00e9 vstoup\u00ed do d\u011bjin t\u00edm, \u017ee n\u011bco pozitivn\u00edho a prosp\u011b\u0161n\u00e9ho pro lidstvo dok\u00e1\u017e\u00ed. A u n\u011bkter\u00fdch je tomu pr\u00e1v\u011b naopak. \u00b7\u00a0\u00a0\u00a0\u00a0\u00a0\u00a0\u00a0 Pokud se o n\u011bkom \u0159ekne, \u017ee je to mal\u00fd Einstein, pak se m\u016f\u017ee jist\u011b nad\u00fdmat p\u00fdchou. \u00b7\u00a0\u00a0\u00a0\u00a0\u00a0\u00a0\u00a0 Jestli\u017ee ale usly\u0161\u00ed, \u017ee z n\u011bho roste p\u011bkn\u00fd gr\u00e1zl, pak to zejm\u00e9na jeho rodi\u010de asi p\u0159\u00edli\u0161 [&hellip;]","datePublished":"2020-10-26","dateModified":"2023-05-07","author":{"@type":"Person","@id":"https:\/\/www.emfi.cz\/author\/#Person","name":"","url":"https:\/\/www.emfi.cz\/author\/","identifier":1,"image":{"@type":"ImageObject","@id":"https:\/\/secure.gravatar.com\/avatar\/e0a4ee3123bc6cda06472cb29cefd2abfa18c894e6c63b3d8bc84df8da10f637?s=96&d=mm&r=g","url":"https:\/\/secure.gravatar.com\/avatar\/e0a4ee3123bc6cda06472cb29cefd2abfa18c894e6c63b3d8bc84df8da10f637?s=96&d=mm&r=g","height":96,"width":96}},"publisher":{"@type":"Organization","name":"emfi.cz","logo":{"@type":"ImageObject","@id":"\/logo.png","url":"\/logo.png","width":600,"height":60}},"image":{"@type":"ImageObject","@id":"https:\/\/www.emfi.cz\/wp-content\/uploads\/img_a338817_w2786_t1551441520.jpg","url":"https:\/\/www.emfi.cz\/wp-content\/uploads\/img_a338817_w2786_t1551441520.jpg","height":0,"width":0},"url":"https:\/\/www.emfi.cz\/nemate-v-rodokmenu-grazla\/","wordCount":418,"articleBody":"\tN\u011bkte\u0159\u00ed lid\u00e9 vstoup\u00ed do d\u011bjin t\u00edm, \u017ee n\u011bco pozitivn\u00edho a prosp\u011b\u0161n\u00e9ho pro lidstvo dok\u00e1\u017e\u00ed. A u n\u011bkter\u00fdch je tomu pr\u00e1v\u011b naopak.\t\u00b7\u00a0\u00a0\u00a0\u00a0\u00a0\u00a0\u00a0 Pokud se o n\u011bkom \u0159ekne, \u017ee je to mal\u00fd Einstein, pak se m\u016f\u017ee jist\u011b nad\u00fdmat p\u00fdchou.\t\u00b7\u00a0\u00a0\u00a0\u00a0\u00a0\u00a0\u00a0 Jestli\u017ee ale usly\u0161\u00ed, \u017ee z n\u011bho roste p\u011bkn\u00fd gr\u00e1zl, pak to zejm\u00e9na jeho rodi\u010de asi p\u0159\u00edli\u0161 nepot\u011b\u0161\u00ed.\tNen\u00ed divu. Jan Ji\u0159\u00ed Grasel, kter\u00fd se narodil roku 1790, byl skute\u010dn\u011b p\u011bkn\u00fd \u201ev\u00fdlupek\u201c. Na sv\u00e9m kont\u011b m\u00e1 p\u0159es dv\u011b st\u011b zlo\u010din\u016f. Lidov\u00e9 vypr\u00e1v\u011bn\u00ed z n\u011bho sice ud\u011blalo zbojn\u00edka, kter\u00fd bohat\u00fdm bral a chud\u00fdm d\u00e1val, ale z\u0159ejm\u011b je na tom pravdy jen \u010d\u00e1st. On skute\u010dn\u011b bohat\u00fdm bral, ale \u017ee by m\u011bl s chud\u00fdmi n\u011bjak\u00e9 slitov\u00e1n\u00ed, o tom historie nep\u00ed\u0161e.\t\t&#8211;\u00a0\u00a0\u00a0\u00a0\u00a0\u00a0\u00a0\u00a0 Svou kari\u00e9ru zapo\u010dal celkem brzy.\t&#8211;\u00a0\u00a0\u00a0\u00a0\u00a0\u00a0\u00a0\u00a0 U\u017e v dev\u00edti letech sed\u011bl ve v\u011bzen\u00ed za kr\u00e1de\u017ee.\tPrvn\u00ed v\u011bt\u0161\u00ed delikt ale sp\u00e1chat a\u017e ve sv\u00fdch \u0161estn\u00e1cti letech. V jeho lump\u00e1rn\u00e1ch mu hodn\u011b pom\u00e1hal jeho otec, kter\u00fd byl tak\u00e9 ve v\u011bzen\u00ed jako doma.\tLoupili sp\u00ed\u0161e ze sportuNa p\u0159elomu osmn\u00e1ct\u00e9ho a devaten\u00e1ct\u00e9ho stolet\u00ed panovala v Rakousko-Uhersku na vesnic\u00edch docela b\u00edda. Proto se n\u011bkte\u0159\u00ed \u201ebezdomovci\u201c sna\u017eili p\u0159e\u017e\u00edt i tak, \u017ee prost\u011b kradli z hladu. Do t\u00e9to kategorie v\u0161ak n\u00e1\u0161 Grasel nepat\u0159il.\u00b7\u00a0\u00a0\u00a0\u00a0\u00a0\u00a0\u00a0 Jeho kump\u00e1ni i on m\u011bli sv\u016fj domov a \u010dasto si n\u011bjak\u00e9 to \u017eivobyt\u00ed.\u00b7\u00a0\u00a0\u00a0\u00a0\u00a0\u00a0\u00a0 Jednalo se o rasy, ale i t\u0159eba hostinsk\u00e9ho.Loupili a p\u0159epadali jak pro pen\u00edze, tak i pro z\u00e1bavu.Podle vy\u0161et\u0159ovac\u00edch spis\u016f se na loupe\u017e\u00edch a p\u0159epad\u00e1v\u00e1n\u00ed pod\u00edlelo p\u0159es dv\u011b st\u011b lid\u00ed. Nic nebylo organizovan\u00e9, ale v\u0161e bylo sp\u00ed\u0161e d\u00edlem n\u00e1hody. Zat\u010den a pot\u00e9 popraven byl Jan Ji\u0159\u00ed Grasel ve sv\u00fdch osmadvaceti letech se sv\u00fdmi dv\u011bma dal\u0161\u00edmi kump\u00e1ny ve\u0159ejn\u011b ve V\u00eddni. Dodnes je k vid\u011bn\u00ed takzvan\u00e1 \u201eGraselova sluj\u201c, ve kter\u00e9 se (v les\u00edch u Slavonic) tento nechvaln\u011b slavn\u00fd mu\u017e ukr\u00fdval. Je to docela pravd\u011bpodobn\u00e9. Dalo by se \u0159\u00edci, \u017ee je tam i celkem \u00fatulno.&#8211;\u00a0\u00a0\u00a0\u00a0\u00a0\u00a0\u00a0\u00a0 Grasel\u016fv rod nezanikl.&#8211;\u00a0\u00a0\u00a0\u00a0\u00a0\u00a0\u00a0\u00a0 Roku 1815 se narodil Graselov\u011b milence dal\u0161\u00ed potomek tohoto \u201eslavn\u00e9ho\u201c rodu.                                                                                                                                                                                                                                                                                                                                                                                        4.5\/5 - (6 votes)        "},{"@context":"https:\/\/schema.org\/","@type":"BreadcrumbList","itemListElement":[{"@type":"ListItem","position":1,"name":"Nem\u00e1te v rodokmenu gr\u00e1zla?","item":"https:\/\/www.emfi.cz\/nemate-v-rodokmenu-grazla\/#breadcrumbitem"}]}]