[{"@context":"https:\/\/schema.org\/","@type":"Article","@id":"https:\/\/www.emfi.cz\/motorkari-a-jejich-obleceni\/#Article","mainEntityOfPage":"https:\/\/www.emfi.cz\/motorkari-a-jejich-obleceni\/","headline":"Motork\u00e1\u0159i a jejich oble\u010den\u00ed","name":"Motork\u00e1\u0159i a jejich oble\u010den\u00ed","description":"&#13; Nejtrvanliv\u011bj\u0161\u00ed materi\u00e1l je st\u00e1le hov\u011bz\u00ed nebo klokan\u00ed k\u016f\u017ee. Velice obl\u00edben\u00e9 jsou proto, \u017ee si motork\u00e1\u0159i mohou nechat u\u0161\u00edt t\u011bsn\u00fd oblek, a jak to u prav\u00e9 k\u016f\u017ee b\u00fdv\u00e1, rozt\u00e1hne se pr\u00e1v\u011b tam, kde je t\u0159eba. Nev\u00fdhodou tokov\u00e9ho kousku ve Va\u0161\u00ed sk\u0159\u00edni je, \u017ee v tepl\u00e9m po\u010das\u00ed jej budete \u201c\u0161kva\u0159it\u201c, nevydr\u017e\u00ed v\u011bt\u0161\u00ed d\u00e9\u0161\u0165 (su\u0161en\u00ed takov\u00e9hoto kousku [&hellip;]","datePublished":"2019-06-12","dateModified":"2023-05-07","author":{"@type":"Person","@id":"https:\/\/www.emfi.cz\/author\/#Person","name":"","url":"https:\/\/www.emfi.cz\/author\/","identifier":1,"image":{"@type":"ImageObject","@id":"https:\/\/secure.gravatar.com\/avatar\/e0a4ee3123bc6cda06472cb29cefd2abfa18c894e6c63b3d8bc84df8da10f637?s=96&d=mm&r=g","url":"https:\/\/secure.gravatar.com\/avatar\/e0a4ee3123bc6cda06472cb29cefd2abfa18c894e6c63b3d8bc84df8da10f637?s=96&d=mm&r=g","height":96,"width":96}},"publisher":{"@type":"Organization","name":"emfi.cz","logo":{"@type":"ImageObject","@id":"\/logo.png","url":"\/logo.png","width":600,"height":60}},"image":{"@type":"ImageObject","@id":"https:\/\/www.emfi.cz\/wp-content\/uploads\/img_a348035_w1936_t1562502064.jpg","url":"https:\/\/www.emfi.cz\/wp-content\/uploads\/img_a348035_w1936_t1562502064.jpg","height":0,"width":0},"url":"https:\/\/www.emfi.cz\/motorkari-a-jejich-obleceni\/","about":["Cestov\u00e1n\u00ed\r"],"wordCount":583,"articleBody":"&#13; Nejtrvanliv\u011bj\u0161\u00ed materi\u00e1l je st\u00e1le hov\u011bz\u00ed nebo klokan\u00ed k\u016f\u017ee. Velice obl\u00edben\u00e9 jsou proto, \u017ee si motork\u00e1\u0159i mohou nechat u\u0161\u00edt t\u011bsn\u00fd oblek, a jak to u prav\u00e9 k\u016f\u017ee b\u00fdv\u00e1, rozt\u00e1hne se pr\u00e1v\u011b tam, kde je t\u0159eba. Nev\u00fdhodou tokov\u00e9ho kousku ve Va\u0161\u00ed sk\u0159\u00edni je, \u017ee v tepl\u00e9m po\u010das\u00ed jej budete \u201c\u0161kva\u0159it\u201c, nevydr\u017e\u00ed v\u011bt\u0161\u00ed d\u00e9\u0161\u0165 (su\u0161en\u00ed takov\u00e9hoto kousku je i dva dny).&#13; &#13; Zato TEXTIL d\u00edky nepromokav\u00fdm a prody\u0161n\u00fdm membr\u00e1n\u00e1m odol\u00e1v\u00e1 po\u010das\u00ed mnohem l\u00e9pe. Jeliko\u017e o oproti k\u016f\u017ei mnohem leh\u010d\u00ed, \u201ccestovatel\u00e9\u201c mu d\u00e1vaj\u00ed p\u0159ednost. Co se t\u00fdk\u00e1 \u00fadr\u017eby, je mnohem jednodu\u0161\u0161\u00ed ne\u017e u ko\u017een\u00e9 bundy \u010di kombin\u00e9zy.&#13; &#13; Nejhor\u0161\u00ed je, kdy\u017e u\u017e si vyberete, najednou zjist\u00edte, \u017ee existuje i kombinace k\u016f\u017ee a textilu. Tam, kde se p\u0159edpokl\u00e1d\u00e1 kontakt s povrchem vozovky, je oble\u010den\u00ed tvo\u0159eno z ko\u017een\u00fdch d\u00edl\u016f. V\u00fdhodou tohoto kompromisu je ni\u017e\u0161\u00ed hmotnost, prody\u0161nost d\u00edky textilu. Ale jak u\u017e to b\u00fdv\u00e1, k\u016f\u017ee je k\u016f\u017ee, tak se o ni mus\u00edme mnohem v\u00edce starat a oproti textilu je to dra\u017e\u0161\u00ed.&#13; &#13; Co je lep\u0161\u00ed? Kalhoty, bunda nebo kombin\u00e9za? Jednod\u00edln\u00e1 kombin\u00e9za nen\u00ed zrovna to prav\u00e9 o\u0159echov\u00e9 pro vyj\u00ed\u017e\u010fky po okol\u00ed a n\u00e1v\u0161t\u011bvy pam\u00e1tek. Nejv\u011bt\u0161\u00edm probl\u00e9mem b\u00fdv\u00e1 to, kdy\u017e se sna\u017e\u00edte spojit bundu a kalhoty od jin\u00fdch v\u00fdrobc\u016f. V\u011bt\u0161inou do sebe nepasuj\u00ed. Zru\u010dn\u00e1 \u0161vadlena by to samoz\u0159ejm\u011b zvl\u00e1dla opravit, ale to, co zaplat\u00edte \u0161vadlen\u011b, m\u016f\u017eete d\u00e1t klidn\u011b do origin\u00e1lu. U spojen\u00fdch kombin\u00e9z jde p\u0159edev\u0161\u00edm o bezpe\u010dnost. Kdy\u017e z motorky spadnete, poni\u010d\u00ed se oblek, ne Va\u0161e poko\u017eka.&#13; &#13; Bundy &#8211; M\u016f\u017eeme je rozd\u011blit podle materi\u00e1lu na ko\u017een\u00e9 a textiln\u00ed, podle d\u00e9lky na kr\u00e1tk\u00e9, st\u0159edn\u00ed nebo dlouh\u00e9. Textiln\u00ed oble\u010den\u00ed je posledn\u00ed dobou na tak vysok\u00e9 \u00farovni ohledn\u011b bezpe\u010dnosti, \u017ee je hojn\u011b vyu\u017e\u00edv\u00e1n p\u0159edev\u0161\u00edm u silni\u010d\u00e1\u0159\u016f nebo chopper\u016f. Na l\u00e9to je ide\u00e1ln\u00ed kombinace textiln\u00ed bunda s vyj\u00edmatelnou vlo\u017ekou a rifle.&#13; &#13; Kalhoty \u2013 Podle materi\u00e1lu se d\u011bl\u00ed na rifle s kevlarem, ko\u017een\u00e9 nebo textiln\u00ed, podle d\u00e9lky na prodlou\u017een\u00e9 nebo klasick\u00e9. I u kalhot jsou vyj\u00edmateln\u00e9 vlo\u017eky, samoz\u0159ejm\u011b mus\u00edte po\u010d\u00edtat s t\u00edm, \u017ee si za n\u011b p\u0159iplat\u00edte.&#13; &#13; Co se t\u00fdk\u00e1 velikost\u00ed, nen\u00ed to tak snadn\u00e9, jak to vypad\u00e1. Mus\u00edte si uv\u011bdomit, \u017ee oble\u010den\u00ed u motork\u00e1\u0159\u016f je v prvn\u00ed \u0159ad\u011b hlavn\u011b jako ochrana, proto chr\u00e1ni\u010de mus\u00ed sed\u011bt p\u0159esn\u011b tam, kde maj\u00ed b\u00fdt. Nesm\u00ed se p\u0159i pochybu nebo j\u00edzd\u011b pohybovat. Jak oblek, tak i vy si mus\u00edte zvyknout. K\u016f\u017ee je velice p\u0159izp\u016fsobiv\u00e1, povol\u00ed se a\u017e o jednu velikost. V nov\u00e9m oble\u010den\u00ed v\u011bt\u0161inou b\u00fdv\u00e1 zimn\u00ed vlo\u017eka, mus\u00edte po\u010d\u00edtat s t\u00edm, \u017ee kdy\u017e ji vyt\u00e1hnete, bude oble\u010den\u00ed o n\u011bco voln\u011bj\u0161\u00ed. P\u0159ed zakoupen\u00edm se doporu\u010duje ud\u011blat p\u00e1r sed\u016f, prot\u00e1hnout se, abyste v\u011bd\u011bli, zda V\u00e1s to nebude n\u011bkde extra \u0161krtit.&#13; &#13; &#13; &#13; P\u0159eji hodn\u011b \u0161t\u011bst\u00ed p\u0159i v\u00fdb\u011bru vhodn\u00e9ho oble\u010den\u00ed a spoustu \u0161\u0165astn\u011b najet\u00fdch kilometr\u016f. &#13;                                                                                                                                                                                                                                                                                                                                                                                         4.1\/5 - (11 votes)        "},{"@context":"https:\/\/schema.org\/","@type":"BreadcrumbList","itemListElement":[{"@type":"ListItem","position":1,"name":"Motork\u00e1\u0159i a jejich oble\u010den\u00ed","item":"https:\/\/www.emfi.cz\/motorkari-a-jejich-obleceni\/#breadcrumbitem"}]}]