[{"@context":"https:\/\/schema.org\/","@type":"Article","@id":"https:\/\/www.emfi.cz\/kdyz-chceme-bydlet-krasne\/#Article","mainEntityOfPage":"https:\/\/www.emfi.cz\/kdyz-chceme-bydlet-krasne\/","headline":"Kdy\u017e chceme bydlet kr\u00e1sn\u011b","name":"Kdy\u017e chceme bydlet kr\u00e1sn\u011b","description":"Po\u0159\u00eddit si kr\u00e1sn\u00e9 bydlen\u00ed na kr\u00e1sn\u00e9m m\u00edst\u011b je snem snad ka\u017ed\u00e9ho soudn\u00e9ho \u010dlov\u011bka. Jen\u017ee je nasnad\u011b, \u017ee kdy\u017e je to ide\u00e1lem v\u0161ech, nen\u00ed zase a\u017e tak docela jednoduch\u00e9 se n\u011b\u010deho podobn\u00e9ho dobrat. \u017de i pouh\u00e9 po\u0159\u00edzen\u00ed si n\u011b\u010deho takov\u00e9ho znamen\u00e1 hromadu pen\u011bz a nejsp\u00ed\u0161e i notnou d\u00e1vku \u0161t\u011bst\u00ed p\u0159i hled\u00e1n\u00ed. Ov\u0161em ani kdy\u017e takov\u00e9 m\u00edsto [&hellip;]","datePublished":"2019-01-15","dateModified":"2023-05-07","author":{"@type":"Person","@id":"https:\/\/www.emfi.cz\/author\/#Person","name":"","url":"https:\/\/www.emfi.cz\/author\/","identifier":1,"image":{"@type":"ImageObject","@id":"https:\/\/secure.gravatar.com\/avatar\/e0a4ee3123bc6cda06472cb29cefd2abfa18c894e6c63b3d8bc84df8da10f637?s=96&d=mm&r=g","url":"https:\/\/secure.gravatar.com\/avatar\/e0a4ee3123bc6cda06472cb29cefd2abfa18c894e6c63b3d8bc84df8da10f637?s=96&d=mm&r=g","height":96,"width":96}},"publisher":{"@type":"Organization","name":"emfi.cz","logo":{"@type":"ImageObject","@id":"\/logo.png","url":"\/logo.png","width":600,"height":60}},"image":{"@type":"ImageObject","@id":"https:\/\/www.emfi.cz\/wp-content\/uploads\/img_a335598_w2634_t1548833054.jpg","url":"https:\/\/www.emfi.cz\/wp-content\/uploads\/img_a335598_w2634_t1548833054.jpg","height":0,"width":0},"url":"https:\/\/www.emfi.cz\/kdyz-chceme-bydlet-krasne\/","wordCount":587,"articleBody":"Po\u0159\u00eddit si kr\u00e1sn\u00e9 bydlen\u00ed na kr\u00e1sn\u00e9m m\u00edst\u011b je snem snad ka\u017ed\u00e9ho soudn\u00e9ho \u010dlov\u011bka. Jen\u017ee je nasnad\u011b, \u017ee kdy\u017e je to ide\u00e1lem v\u0161ech, nen\u00ed zase a\u017e tak docela jednoduch\u00e9 se n\u011b\u010deho podobn\u00e9ho dobrat. \u017de i pouh\u00e9 po\u0159\u00edzen\u00ed si n\u011b\u010deho takov\u00e9ho znamen\u00e1 hromadu pen\u011bz a nejsp\u00ed\u0161e i notnou d\u00e1vku \u0161t\u011bst\u00ed p\u0159i hled\u00e1n\u00ed. Ov\u0161em ani kdy\u017e takov\u00e9 m\u00edsto najdeme a z\u00edsk\u00e1me k n\u011bmu vlastnick\u00e1 pr\u00e1va, nem\u00e1me je\u0161t\u011b v\u016fbec vyhr\u00e1no. Proto\u017ee to chce nem\u00e1lo \u00fasil\u00ed, aby takov\u00e9 kr\u00e1sn\u00e9 m\u00edsto n\u00e1sledn\u011b nezpustlo. Kr\u00e1sa si \u017e\u00e1d\u00e1 sv\u00e9.Za\u0159\u00eddit si n\u00e1le\u017eit\u011b interi\u00e9r domu \u010di bytu sv\u00fdch sn\u016f d\u00e1 zabrat i samo o sob\u011b. Ov\u0161em to je\u0161t\u011b nen\u00ed ani zdaleka tak n\u00e1ro\u010dn\u00e9 jako to, co p\u0159ijde pak. To nen\u00ed skoro nic ve srovn\u00e1n\u00ed s t\u00edm, jak\u00e1 pr\u00e1ce n\u00e1s pak \u010dek\u00e1 okolo domu.Po\u0159\u00edzen\u00ed si zahrady a jej\u00ed n\u00e1sledn\u00e1 \u00fadr\u017eba toti\u017e nejsou zase a\u017e tak snadnou z\u00e1le\u017eitost\u00ed, jak by se snad mohlo zd\u00e1t, je to nikdy nekon\u010d\u00edc\u00ed pr\u00e1ce. Chce to m\u00edt svou vizi, , a chce to ji neust\u00e1le realizovat a dost mo\u017en\u00e1 neust\u00e1le zdokonalovat.P\u0159i budov\u00e1n\u00ed toho nejlep\u0161\u00edho, \u010d\u00edm by m\u011bl b\u00fdt v\u00e1\u0161 byt obklopen, byste si m\u011bli v prvn\u00ed \u0159ad\u011b rozmyslet, zda tu chcete m\u00edt jenom malou zahr\u00e1dku nebo rovnou celou rozlehlou farmu.N\u00e1sledn\u011b si je pak t\u0159eba promyslet, co v\u0161echno byste na takov\u00e9m pozemku cht\u011bli p\u011bstovat a kde. To proto, aby si rostliny navz\u00e1jem nevadily a aby spolu tak\u00e9 ladily. Aby jedna ne\u0161kodila druh\u00e9 sv\u00fdm st\u00ednem, aby se navz\u00e1jem neutiskovaly, aby p\u00e9\u010de o jednu ne\u0161kodila jin\u00e9, a tak\u00e9 aby spolu ladily jak barvou, tak velikost\u00ed a p\u0159\u00edpadn\u011b i dal\u0161\u00edmi vlastnostmi.\u00dam\u011brn\u011b pot\u0159eb\u00e1m takov\u00fdch rostlin, a\u0165 u\u017e okrasn\u00fdch \u010di u\u017eitkov\u00fdch, je t\u0159eba hned zkraje z\u00farodnit p\u016fdu. Tedy tuto spr\u00e1vn\u011b pohnojit, \u010d\u00edm\u017e v tomto p\u0159\u00edpad\u011b nen\u00ed m\u00edn\u011bno nic \u0161patn\u00e9ho, zajistit j\u00ed dostate\u010dnou vl\u00e1hu, zkyp\u0159it ji, vypl\u00edt a n\u00e1sledn\u011b os\u00e1zet t\u00edm, co by zde m\u011blo vzej\u00edt.Je nasnad\u011b, \u017ee kv\u011btinov\u00e1 zahrada znamen\u00e1 p\u0159edev\u0161\u00edm kr\u00e1su, zat\u00edmco p\u011bstov\u00e1n\u00ed rostlin u\u017eitkov\u00fdch je sp\u00ed\u0161e u\u017eitnou ne\u017e estetickou z\u00e1le\u017eitost\u00ed. A pro b\u011b\u017en\u00e9ho na\u0161ince je tak z\u0159ejm\u011b ide\u00e1ln\u00ed kombinace oboj\u00edho, d\u00e1vaj\u00edc\u00ed mo\u017enost p\u0159ilep\u0161it sv\u00e9mu j\u00eddeln\u00ed\u010dku a z\u00e1rove\u0148 tu m\u00edt i n\u011bco, co by lahodilo na\u0161emu zraku a z\u00e1rove\u0148 d\u011blalo dob\u0159e i \u010dichu.Dlouho a hodn\u011b se tak mus\u00edte sna\u017eit, ne\u017e z\u00edsk\u00e1te to, co jste si vysnili. Jsou to dlouh\u00e9 hodiny a hodiny p\u00edle, na jejich\u017e konci je \u00fatuln\u00fd domov v kr\u00e1sn\u00e9 zahrad\u011b.A ani pak nen\u00ed v\u0161emu konec. Proto\u017ee pr\u00e1ce je tu st\u00e1le dost a kdybyste jen chv\u00edli polevili, za\u010dne se v\u0161e pozvolna v d\u017eungli \u010di pou\u0161\u0165 obracet. Co\u017e pochopiteln\u011b jist\u011b nechcete. A proto pokra\u010dujete v pr\u00e1ci d\u00e1l a d\u00e1l. Na v\u011b\u010dn\u00e9 \u010dasy a nikdy jinak.                                                                                                                                                                                                                                                                                                                                                                                        3.4\/5 - (7 votes)        "},{"@context":"https:\/\/schema.org\/","@type":"BreadcrumbList","itemListElement":[{"@type":"ListItem","position":1,"name":"Kdy\u017e chceme bydlet kr\u00e1sn\u011b","item":"https:\/\/www.emfi.cz\/kdyz-chceme-bydlet-krasne\/#breadcrumbitem"}]}]