[{"@context":"https:\/\/schema.org\/","@type":"Article","@id":"https:\/\/www.emfi.cz\/jen-doplnky-stravy-nestaci\/#Article","mainEntityOfPage":"https:\/\/www.emfi.cz\/jen-doplnky-stravy-nestaci\/","headline":"Jen dopl\u0148ky stravy nesta\u010d\u00ed","name":"Jen dopl\u0148ky stravy nesta\u010d\u00ed","description":"Nesta\u010d\u00ed si jen objednat dopl\u0148ky stravy, kter\u00e9 V\u00e1m pomohou p\u0159i probl\u00e9mech spojen\u00fdch s klimakteriem. Je z\u0159ejm\u00e9, \u017ee bylinky V\u00e1m v\u00fdrazn\u011b pomohou a ulev\u00ed. Jedn\u00e1 se konkr\u00e9tn\u011b o tyto bylinky \u2013 jetel lu\u010dn\u00ed, hloch obecn\u00fd, plo\u0161ti\u010dn\u00edk hroznovit\u00fd a \u0159e\u0159ichu peru\u00e1nskou zvanou macca. Nicm\u00e9n\u011b je ur\u010dit\u011b na m\u00edst\u011b ud\u011blat tak\u00e9 n\u011bco se svou \u017eivotospr\u00e1vou. V tomto ohledu [&hellip;]","datePublished":"2024-12-17","dateModified":"2024-12-17","author":{"@type":"Person","@id":"https:\/\/www.emfi.cz\/author\/#Person","name":"","url":"https:\/\/www.emfi.cz\/author\/","identifier":1,"image":{"@type":"ImageObject","@id":"https:\/\/secure.gravatar.com\/avatar\/e0a4ee3123bc6cda06472cb29cefd2abfa18c894e6c63b3d8bc84df8da10f637?s=96&d=mm&r=g","url":"https:\/\/secure.gravatar.com\/avatar\/e0a4ee3123bc6cda06472cb29cefd2abfa18c894e6c63b3d8bc84df8da10f637?s=96&d=mm&r=g","height":96,"width":96}},"publisher":{"@type":"Organization","name":"emfi.cz","logo":{"@type":"ImageObject","@id":"\/logo.png","url":"\/logo.png","width":600,"height":60}},"url":"https:\/\/www.emfi.cz\/jen-doplnky-stravy-nestaci\/","wordCount":175,"articleBody":"Nesta\u010d\u00ed si jen objednat dopl\u0148ky stravy, kter\u00e9 V\u00e1m pomohou p\u0159i probl\u00e9mech spojen\u00fdch s klimakteriem. Je z\u0159ejm\u00e9, \u017ee bylinky V\u00e1m v\u00fdrazn\u011b pomohou a ulev\u00ed. Jedn\u00e1 se konkr\u00e9tn\u011b o tyto bylinky \u2013 jetel lu\u010dn\u00ed, hloch obecn\u00fd, plo\u0161ti\u010dn\u00edk hroznovit\u00fd a \u0159e\u0159ichu peru\u00e1nskou zvanou macca. Nicm\u00e9n\u011b je ur\u010dit\u011b na m\u00edst\u011b ud\u011blat tak\u00e9 n\u011bco se svou \u017eivotospr\u00e1vou. V tomto ohledu byste se m\u011bli domluvit s v\u00fd\u017eivov\u00fdm poradcem. Osteopor\u00f3za a v\u00e1pn\u00edk Nap\u0159\u00edklad \u017eeny v tom v\u011bku v\u00fdrazn\u011b tr\u00e1p\u00ed osteopor\u00f3za, co\u017e je v podstat\u011b \u0159\u00eddnut\u00ed kost\u00ed. Z\u00e1rove\u0148 nen\u00ed v tom v\u011bku tak \u00fapln\u011b snadn\u00e9 \u010derpat v\u00e1pn\u00edk z potravin. V\u00e1pn\u00edk je toti\u017e velmi d\u016fle\u017eit\u00fd, kdy\u017e V\u00e1m za\u010dnou \u0159\u00eddnout kosti. A tento jev ke st\u00e1rnut\u00ed a p\u0159echodu bohu\u017eel pat\u0159\u00ed. Nezoufejte nad t\u00edm. Hlavn\u011b na sebe bu\u010fte od te\u010f hodn\u00ed. Va\u0161e t\u011blo to pot\u0159ebuje.                                                                                                                                                                                                                                                                                                                                                                                        4.3\/5 - (3 votes)        "},{"@context":"https:\/\/schema.org\/","@type":"BreadcrumbList","itemListElement":[{"@type":"ListItem","position":1,"name":"Jen dopl\u0148ky stravy nesta\u010d\u00ed","item":"https:\/\/www.emfi.cz\/jen-doplnky-stravy-nestaci\/#breadcrumbitem"}]}]