{"@context":"https:\/\/schema.org\/","@type":"CollectionPage","@id":"https:\/\/www.emfi.cz\/dovolena\/#CollectionPage","headline":"Dovolen\u00e1 Category","description":"","url":"https:\/\/www.emfi.cz\/dovolena\/","hasPart":[{"@type":"Article","@id":"https:\/\/www.emfi.cz\/spolecne-zajmy-zmeni-pohled-na-svet\/","headline":"Spole\u010dn\u00e9 z\u00e1jmy zm\u011bn\u00ed pohled na sv\u011bt","url":"https:\/\/www.emfi.cz\/spolecne-zajmy-zmeni-pohled-na-svet\/","datePublished":"2024-05-30","dateModified":"2024-05-30","mainEntityOfPage":"https:\/\/www.emfi.cz\/spolecne-zajmy-zmeni-pohled-na-svet\/","author":{"@type":"Person","@id":"https:\/\/www.emfi.cz\/author\/#Person","name":"","url":"https:\/\/www.emfi.cz\/author\/","identifier":1,"image":{"@type":"ImageObject","@id":"https:\/\/secure.gravatar.com\/avatar\/e0a4ee3123bc6cda06472cb29cefd2abfa18c894e6c63b3d8bc84df8da10f637?s=96&d=mm&r=g","url":"https:\/\/secure.gravatar.com\/avatar\/e0a4ee3123bc6cda06472cb29cefd2abfa18c894e6c63b3d8bc84df8da10f637?s=96&d=mm&r=g","height":96,"width":96}},"publisher":{"@type":"Organization","name":"emfi.cz","logo":{"@type":"ImageObject","@id":"\/logo.png","url":"\/logo.png","width":600,"height":60}},"image":{"@type":"ImageObject","@id":"https:\/\/www.emfi.cz\/wp-content\/uploads\/chen-mizrach-jL6PTWI7h18-unsplash_1.jpg","url":"https:\/\/www.emfi.cz\/wp-content\/uploads\/chen-mizrach-jL6PTWI7h18-unsplash_1.jpg","height":0,"width":0},"keywords":null},{"@type":"Article","@id":"https:\/\/www.emfi.cz\/zimni-dovolena-proc-ne\/","headline":"Zimn\u00ed dovolen\u00e1? Pro\u010d ne!","url":"https:\/\/www.emfi.cz\/zimni-dovolena-proc-ne\/","datePublished":"2022-07-03","dateModified":"2023-05-07","mainEntityOfPage":"https:\/\/www.emfi.cz\/zimni-dovolena-proc-ne\/","author":{"@type":"Person","@id":"https:\/\/www.emfi.cz\/author\/#Person","name":"","url":"https:\/\/www.emfi.cz\/author\/","identifier":1,"image":{"@type":"ImageObject","@id":"https:\/\/secure.gravatar.com\/avatar\/e0a4ee3123bc6cda06472cb29cefd2abfa18c894e6c63b3d8bc84df8da10f637?s=96&d=mm&r=g","url":"https:\/\/secure.gravatar.com\/avatar\/e0a4ee3123bc6cda06472cb29cefd2abfa18c894e6c63b3d8bc84df8da10f637?s=96&d=mm&r=g","height":96,"width":96}},"publisher":{"@type":"Organization","name":"emfi.cz","logo":{"@type":"ImageObject","@id":"\/logo.png","url":"\/logo.png","width":600,"height":60}},"image":{"@type":"ImageObject","@id":"https:\/\/www.emfi.cz\/wp-content\/uploads\/skiing-1723857_640_3.jpg","url":"https:\/\/www.emfi.cz\/wp-content\/uploads\/skiing-1723857_640_3.jpg","height":0,"width":0},"keywords":null},{"@type":"Article","@id":"https:\/\/www.emfi.cz\/dovolena-u-more\/","headline":"Dovolen\u00e1 u mo\u0159e","url":"https:\/\/www.emfi.cz\/dovolena-u-more\/","datePublished":"2021-09-30","dateModified":"2023-05-07","mainEntityOfPage":"https:\/\/www.emfi.cz\/dovolena-u-more\/","author":{"@type":"Person","@id":"https:\/\/www.emfi.cz\/author\/#Person","name":"","url":"https:\/\/www.emfi.cz\/author\/","identifier":1,"image":{"@type":"ImageObject","@id":"https:\/\/secure.gravatar.com\/avatar\/e0a4ee3123bc6cda06472cb29cefd2abfa18c894e6c63b3d8bc84df8da10f637?s=96&d=mm&r=g","url":"https:\/\/secure.gravatar.com\/avatar\/e0a4ee3123bc6cda06472cb29cefd2abfa18c894e6c63b3d8bc84df8da10f637?s=96&d=mm&r=g","height":96,"width":96}},"publisher":{"@type":"Organization","name":"emfi.cz","logo":{"@type":"ImageObject","@id":"\/logo.png","url":"\/logo.png","width":600,"height":60}},"image":{"@type":"ImageObject","@id":"https:\/\/www.emfi.cz\/wp-content\/uploads\/hotel.jpg","url":"https:\/\/www.emfi.cz\/wp-content\/uploads\/hotel.jpg","height":0,"width":0},"keywords":null},{"@type":"Article","@id":"https:\/\/www.emfi.cz\/jak-se-nejlepe-pripravit-na-dovolenou\/","headline":"Jak se nejl\u00e9pe p\u0159ipravit na dovolenou","url":"https:\/\/www.emfi.cz\/jak-se-nejlepe-pripravit-na-dovolenou\/","datePublished":"2019-10-08","dateModified":"2023-05-07","mainEntityOfPage":"https:\/\/www.emfi.cz\/jak-se-nejlepe-pripravit-na-dovolenou\/","author":{"@type":"Person","@id":"https:\/\/www.emfi.cz\/author\/#Person","name":"","url":"https:\/\/www.emfi.cz\/author\/","identifier":1,"image":{"@type":"ImageObject","@id":"https:\/\/secure.gravatar.com\/avatar\/e0a4ee3123bc6cda06472cb29cefd2abfa18c894e6c63b3d8bc84df8da10f637?s=96&d=mm&r=g","url":"https:\/\/secure.gravatar.com\/avatar\/e0a4ee3123bc6cda06472cb29cefd2abfa18c894e6c63b3d8bc84df8da10f637?s=96&d=mm&r=g","height":96,"width":96}},"publisher":{"@type":"Organization","name":"emfi.cz","logo":{"@type":"ImageObject","@id":"\/logo.png","url":"\/logo.png","width":600,"height":60}},"image":{"@type":"ImageObject","@id":"https:\/\/www.emfi.cz\/wp-content\/uploads\/img_a357702_w2990_t1572163232.jpg","url":"https:\/\/www.emfi.cz\/wp-content\/uploads\/img_a357702_w2990_t1572163232.jpg","height":0,"width":0},"keywords":null}]}