[{"@context":"https:\/\/schema.org\/","@type":"Article","@id":"https:\/\/www.emfi.cz\/doplnek-do-spolecnosti-i-na-bezne-noseni\/#Article","mainEntityOfPage":"https:\/\/www.emfi.cz\/doplnek-do-spolecnosti-i-na-bezne-noseni\/","headline":"Dopln\u011bk do spole\u010dnosti i na b\u011b\u017en\u00e9 no\u0161en\u00ed","name":"Dopln\u011bk do spole\u010dnosti i na b\u011b\u017en\u00e9 no\u0161en\u00ed","description":"Ke ka\u017ed\u00e9 \u017een\u011b pat\u0159\u00ed neodmysliteln\u011b kabelka. D\u00e1my ji nos\u00ed nejen na slavnostn\u00ed p\u0159\u00edle\u017eitosti, ale pou\u017e\u00edvaj\u00ed ji i k drobn\u00fdm n\u00e1kup\u016fm. Zvl\u00e1\u0161tn\u00ed kategori\u00ed je v t\u00e9to oblasti takzvan\u00e9 psan\u00ed\u010dko. D\u0159\u00edve to byla pouze sou\u010d\u00e1st ve\u010dern\u00ed toalety. V tomto p\u0159\u00edpad\u011b se jist\u011b hod\u00ed nap\u0159\u00edklad sat\u00e9nov\u00e1 kabelka tohoto druhu, kter\u00e1 spl\u0148uje v\u0161echny n\u00e1roky na eleganci a vkus. Zm\u00edn\u011bn\u00e9 [&hellip;]","datePublished":"2018-03-12","dateModified":"2018-03-12","author":{"@type":"Person","@id":"https:\/\/www.emfi.cz\/author\/#Person","name":"","url":"https:\/\/www.emfi.cz\/author\/","identifier":1,"image":{"@type":"ImageObject","@id":"https:\/\/secure.gravatar.com\/avatar\/e0a4ee3123bc6cda06472cb29cefd2abfa18c894e6c63b3d8bc84df8da10f637?s=96&d=mm&r=g","url":"https:\/\/secure.gravatar.com\/avatar\/e0a4ee3123bc6cda06472cb29cefd2abfa18c894e6c63b3d8bc84df8da10f637?s=96&d=mm&r=g","height":96,"width":96}},"publisher":{"@type":"Organization","name":"emfi.cz","logo":{"@type":"ImageObject","@id":"\/logo.png","url":"\/logo.png","width":600,"height":60}},"image":{"@type":"ImageObject","@id":"https:\/\/www.emfi.cz\/wp-content\/uploads\/img_a314235_w2362_t1525010910.jpg","url":"https:\/\/www.emfi.cz\/wp-content\/uploads\/img_a314235_w2362_t1525010910.jpg","height":0,"width":0},"url":"https:\/\/www.emfi.cz\/doplnek-do-spolecnosti-i-na-bezne-noseni\/","wordCount":401,"articleBody":"      Ke ka\u017ed\u00e9 \u017een\u011b pat\u0159\u00ed neodmysliteln\u011b kabelka. D\u00e1my ji nos\u00ed nejen na slavnostn\u00ed p\u0159\u00edle\u017eitosti, ale pou\u017e\u00edvaj\u00ed ji i k drobn\u00fdm n\u00e1kup\u016fm. Zvl\u00e1\u0161tn\u00ed kategori\u00ed je v t\u00e9to oblasti takzvan\u00e9 psan\u00ed\u010dko. D\u0159\u00edve to byla pouze sou\u010d\u00e1st ve\u010dern\u00ed toalety. V tomto p\u0159\u00edpad\u011b se jist\u011b hod\u00ed nap\u0159\u00edklad sat\u00e9nov\u00e1 kabelka tohoto druhu, kter\u00e1 spl\u0148uje v\u0161echny n\u00e1roky na eleganci a vkus.  Zm\u00edn\u011bn\u00e9 sat\u00e9nov\u00e9 psan\u00ed\u010dko, kter\u00e9 se vyr\u00e1b\u00ed ve sn\u011bhob\u00edl\u00e9 barv\u011b, je velice vhodn\u00fdm dopl\u0148kem ke svatebn\u00edm \u0161at\u016fm a nev\u011bst\u011b dod\u00e1 opravdu luxusn\u00ed vzhled. Tuto miniaturn\u00ed kabelku m\u016f\u017ee pak n\u00e9st bu\u010f v ruce, nebo si k n\u00ed p\u0159ipnout \u0159et\u00edzek a pohodln\u011b si ji p\u0159ehodit p\u0159es rameno.N\u011bkter\u00e9 \u017eeny by r\u00e1dy nosily tento dopln\u011bk i ve dnech v\u0161edn\u00edch a ne jen na slavnostn\u00ed p\u0159\u00edle\u017eitosti. Pr\u00e1v\u011b na tuto okolnost mysleli proz\u00edrav\u00ed v\u00fdrobci https:\/\/www.prima-obchod.cz\/produkty\/modni-doplnky\/modni-tasky-kabelky-a-batohy\/spolecenske-kabelky-a-psanickaa vy\u0161li \u017een\u00e1m vst\u0159\u00edc. Je mo\u017en\u00e9 si po\u0159\u00eddit atraktivn\u00ed kabelku, kter\u00e1 m\u00e1 riflov\u00fd vzhled. S b\u011b\u017en\u00fdm oble\u010den\u00edm se tedy skv\u011ble shodne. M\u00f3dn\u00ed n\u00e1vrh\u00e1\u0159i, kte\u0159\u00ed se pohybuj\u00ed v t\u00e9to oblasti m\u00f3dy, mysleli i na mal\u00e9 sle\u010dny anebo romantick\u00e9 du\u0161e. Pr\u00e1v\u011b pro n\u011b je ur\u010dena kabelka, kter\u00e1 vypad\u00e1 jako jarn\u00ed louka. Je cel\u00e1 poset\u00e1 kr\u00e1sn\u00fdmi romantick\u00fdmi r\u016f\u017eov\u00fdmi kv\u011bty. Nebo modr\u00fdmi \u2013 ty jsou stejn\u011b kr\u00e1sn\u00e9. Dokonalost a kvalita Design\u00e9\u0159i, kte\u0159\u00ed se zab\u00fdvaj\u00ed n\u00e1vrhy t\u011bchto ta\u0161ti\u010dek, v\u00e1m potvrd\u00ed, \u017ee pr\u00e1v\u011b na n\u011b je nutn\u00e9 vyu\u017e\u00edt ve\u0161ker\u00fd profesn\u00ed um. Nen\u00ed pr\u00fd \u017e\u00e1dn\u00e9 um\u011bn\u00ed navrhnout zavazadlo velk\u00fdch rozm\u011br\u016f, na kter\u00e9m se leccos ztrat\u00ed. Je um\u011bn\u00edm vytvo\u0159it na mal\u00e9 plo\u0161e dokonalost, kter\u00e1 k t\u011bmto v\u00fdrobk\u016fm pat\u0159\u00ed. A pokud chcete b\u00fdt opravdu trendy, pak zvolte stylov\u011b strohou variantu, kter\u00e1 vypad\u00e1 sp\u00ed\u0161e jako ob\u00e1lka. Fantazii se v\u0161ak meze nekladou. Z\u00e1le\u017e\u00ed v\u017edy na ka\u017ed\u00e9 nositelce a jej\u00edm vkusu. Jestli chce b\u00fdt origin\u00e1ln\u00ed anebo rad\u011bji um\u00edrn\u011bn\u011b elegantn\u00ed. Co maj\u00ed v\u0161echny v\u00fdrobky spole\u010dn\u00e9? Kvalitn\u00ed materi\u00e1l a dokonal\u00e9 zpracov\u00e1n\u00ed.                                                                                                                                                                                                                                                                                                                                                                                          3.7\/5 - (13 votes)        "},{"@context":"https:\/\/schema.org\/","@type":"BreadcrumbList","itemListElement":[{"@type":"ListItem","position":1,"name":"Dopln\u011bk do spole\u010dnosti i na b\u011b\u017en\u00e9 no\u0161en\u00ed","item":"https:\/\/www.emfi.cz\/doplnek-do-spolecnosti-i-na-bezne-noseni\/#breadcrumbitem"}]}]