[{"@context":"https:\/\/schema.org\/","@type":"Article","@id":"https:\/\/www.emfi.cz\/co-takhle-stravit-dovolenou-v-mikulove\/#Article","mainEntityOfPage":"https:\/\/www.emfi.cz\/co-takhle-stravit-dovolenou-v-mikulove\/","headline":"Co takhle str\u00e1vit dovolenou v Mikulov\u011b?","name":"Co takhle str\u00e1vit dovolenou v Mikulov\u011b?","description":"Hled\u00e1te n\u011bjak\u00e9 p\u0159\u00edjemn\u00e9 m\u00edsto k oddechu? M\u00edsto, kter\u00e9 budete m\u00edt po ruce n\u011bkde v \u010cesk\u00e9 republice? M\u00edsto, kde naleznete v\u0161e pot\u0159ebn\u00e9 pro dokonalou relaxaci? Pod dokonal\u00fdm odpo\u010dinkem si r\u016fzn\u00ed lid\u00e9 p\u0159edstavuj\u00ed rozd\u00edln\u00e9 v\u011bci, ka\u017ed\u00fd jsme zkr\u00e1tka jin\u00fd. N\u011bkdo tou\u017e\u00ed po skv\u011bl\u00fdch gastronomick\u00fdch z\u00e1\u017eitc\u00edch, jin\u00fd po dokonal\u00e9 wellness nab\u00eddce, a dal\u0161\u00edho \u010dlov\u011bka v\u00edce oslov\u00ed p\u0159\u00edjemn\u00e9 prost\u0159ed\u00ed, [&hellip;]","datePublished":"2019-09-16","dateModified":"2023-05-07","author":{"@type":"Person","@id":"https:\/\/www.emfi.cz\/author\/#Person","name":"","url":"https:\/\/www.emfi.cz\/author\/","identifier":1,"image":{"@type":"ImageObject","@id":"https:\/\/secure.gravatar.com\/avatar\/e0a4ee3123bc6cda06472cb29cefd2abfa18c894e6c63b3d8bc84df8da10f637?s=96&d=mm&r=g","url":"https:\/\/secure.gravatar.com\/avatar\/e0a4ee3123bc6cda06472cb29cefd2abfa18c894e6c63b3d8bc84df8da10f637?s=96&d=mm&r=g","height":96,"width":96}},"publisher":{"@type":"Organization","name":"emfi.cz","logo":{"@type":"ImageObject","@id":"\/logo.png","url":"\/logo.png","width":600,"height":60}},"image":{"@type":"ImageObject","@id":"https:\/\/www.emfi.cz\/wp-content\/uploads\/img_a342527_w1737_t1555313255.jpg","url":"https:\/\/www.emfi.cz\/wp-content\/uploads\/img_a342527_w1737_t1555313255.jpg","height":0,"width":0},"url":"https:\/\/www.emfi.cz\/co-takhle-stravit-dovolenou-v-mikulove\/","wordCount":408,"articleBody":"    Hled\u00e1te n\u011bjak\u00e9 p\u0159\u00edjemn\u00e9 m\u00edsto k oddechu? M\u00edsto, kter\u00e9 budete m\u00edt po ruce n\u011bkde v \u010cesk\u00e9 republice? M\u00edsto, kde naleznete v\u0161e pot\u0159ebn\u00e9 pro dokonalou relaxaci? Pod dokonal\u00fdm odpo\u010dinkem si r\u016fzn\u00ed lid\u00e9 p\u0159edstavuj\u00ed rozd\u00edln\u00e9 v\u011bci, ka\u017ed\u00fd jsme zkr\u00e1tka jin\u00fd. N\u011bkdo tou\u017e\u00ed po skv\u011bl\u00fdch gastronomick\u00fdch z\u00e1\u017eitc\u00edch, jin\u00fd po dokonal\u00e9 wellness nab\u00eddce, a dal\u0161\u00edho \u010dlov\u011bka v\u00edce oslov\u00ed p\u0159\u00edjemn\u00e9 prost\u0159ed\u00ed, kde m\u016f\u017ee n\u011bjak\u00fd \u010das pob\u00fdvat. A\u0165 u\u017e vy sami preferujete libovolnou variantu odpo\u010dinku, tak si m\u016f\u017eete b\u00fdt jist\u00ed, \u017ee to v\u0161e najednou je pro v\u00e1s p\u0159ipraveno p\u0159\u00edmo na samotn\u00e9m jihu Moravy, v hotelu v Mikulov\u011b. Jedn\u00e1 se o dokonale dob\u0159e dostupn\u00e9 m\u00edsto, kam snadno dojedete jak automobilem, tak hromadnou dopravou, t\u0159eba vlakem. M\u016f\u017eete zde samoz\u0159ejm\u011b pohodln\u011b zaparkovat na hotelov\u00e9m parkovi\u0161ti a rezervovat si zde pobyt na jak dlouho si jen budete p\u0159\u00e1t \u2013 nez\u00e1le\u017e\u00ed na tom, zda se zde jen zastav\u00edte na sv\u00e9 cest\u011b do Rakouska anebo zda zde str\u00e1v\u00edte dlouhou letn\u00ed dovolenou s celou rodinou. A\u0165 u\u017e to bude jakkoli, jste zde v ka\u017ed\u00e9m p\u0159\u00edpad\u011b v\u00edtan\u00ed a rozhodn\u011b zde budete spokojeni. Hotel v Mikulov\u011b v\u00e1m nab\u00edz\u00ed prvot\u0159\u00eddn\u00ed slu\u017eby v n\u00e1dhern\u00e9m prost\u0159ed\u00ed! V\u017edy\u0165 kter\u00fd jin\u00fd kraj je k n\u00e1v\u0161t\u011bvn\u00edk\u016fm v\u00edce pohostinn\u00fd, ne\u017e pr\u00e1v\u011b ji\u017en\u00ed Morava? Dob\u0159e se zde naj\u00edte i napijete, v priv\u00e1tn\u00edm wellness centru m\u016f\u017eete relaxovat bez omezen\u00ed a vyu\u017e\u00edt m\u016f\u017eete jak mas\u00e1\u017e\u00ed, sauny anebo v\u00ed\u0159iv\u00e9 vany s v\u00fdhledem na svat\u00fd kope\u010dek. Prost\u0159ed\u00ed hotelu je opravdu kr\u00e1sn\u00e9, person\u00e1l je velmi ochotn\u00fd a o r\u016fzn\u00e9 z\u00e1\u017eitkov\u00e9 a kulturn\u00ed akce zde nen\u00ed nouze. A okol\u00ed hotelu va\u0161e z\u00e1\u017eitky je\u0161t\u011b v\u00edce umocn\u00ed, a\u0165 u\u017e pat\u0159\u00edte k milovn\u00edk\u016fm p\u0159\u00edrody anebo t\u0159eba architektury. Na ji\u017en\u00ed Morav\u011b se potk\u00e1vaj\u00ed p\u0159\u00edrodn\u00ed kr\u00e1sy spolu s kulturn\u00edmi skvosty zdej\u0161\u00ed krajiny. V samotn\u00e9m Mikulov\u011b je k vid\u011bn\u00ed n\u011bkolik architektonick\u00fdch pam\u00e1tek a do vyhl\u00e1\u0161en\u00e9ho Lednicko-valtick\u00e9ho are\u00e1lu to odtud tak\u00e9 nen\u00ed daleko, stejn\u011b tak jako do rakousk\u00e9ho velkom\u011bsta V\u00eddn\u011b.                                                                                                                                                                                                                                                                                                                                                                                         4\/5 - (7 votes)        "},{"@context":"https:\/\/schema.org\/","@type":"BreadcrumbList","itemListElement":[{"@type":"ListItem","position":1,"name":"Co takhle str\u00e1vit dovolenou v Mikulov\u011b?","item":"https:\/\/www.emfi.cz\/co-takhle-stravit-dovolenou-v-mikulove\/#breadcrumbitem"}]}]