{"@context":"https:\/\/schema.org\/","@type":"CollectionPage","@id":"https:\/\/www.emfi.cz\/cestovani\/#CollectionPage","headline":"Cestov\u00e1n\u00ed\r Category","description":"","url":"https:\/\/www.emfi.cz\/cestovani\/","hasPart":[{"@type":"Article","@id":"https:\/\/www.emfi.cz\/na-cestach-po-svete\/","headline":"Na cest\u00e1ch po sv\u011bt\u011b","url":"https:\/\/www.emfi.cz\/na-cestach-po-svete\/","datePublished":"2023-07-28","dateModified":"2024-03-28","mainEntityOfPage":"https:\/\/www.emfi.cz\/na-cestach-po-svete\/","author":{"@type":"Person","@id":"https:\/\/www.emfi.cz\/author\/#Person","name":"","url":"https:\/\/www.emfi.cz\/author\/","identifier":1,"image":{"@type":"ImageObject","@id":"https:\/\/secure.gravatar.com\/avatar\/e0a4ee3123bc6cda06472cb29cefd2abfa18c894e6c63b3d8bc84df8da10f637?s=96&d=mm&r=g","url":"https:\/\/secure.gravatar.com\/avatar\/e0a4ee3123bc6cda06472cb29cefd2abfa18c894e6c63b3d8bc84df8da10f637?s=96&d=mm&r=g","height":96,"width":96}},"publisher":{"@type":"Organization","name":"emfi.cz","logo":{"@type":"ImageObject","@id":"\/logo.png","url":"\/logo.png","width":600,"height":60}},"image":{"@type":"ImageObject","@id":"https:\/\/www.emfi.cz\/wp-content\/uploads\/train-4513703_640.jpg","url":"https:\/\/www.emfi.cz\/wp-content\/uploads\/train-4513703_640.jpg","height":0,"width":0},"keywords":null},{"@type":"Article","@id":"https:\/\/www.emfi.cz\/dnesni-rozlet\/","headline":"Dne\u0161n\u00ed rozlet","url":"https:\/\/www.emfi.cz\/dnesni-rozlet\/","datePublished":"2020-01-23","dateModified":"2023-05-07","mainEntityOfPage":"https:\/\/www.emfi.cz\/dnesni-rozlet\/","author":{"@type":"Person","@id":"https:\/\/www.emfi.cz\/author\/#Person","name":"","url":"https:\/\/www.emfi.cz\/author\/","identifier":1,"image":{"@type":"ImageObject","@id":"https:\/\/secure.gravatar.com\/avatar\/e0a4ee3123bc6cda06472cb29cefd2abfa18c894e6c63b3d8bc84df8da10f637?s=96&d=mm&r=g","url":"https:\/\/secure.gravatar.com\/avatar\/e0a4ee3123bc6cda06472cb29cefd2abfa18c894e6c63b3d8bc84df8da10f637?s=96&d=mm&r=g","height":96,"width":96}},"publisher":{"@type":"Organization","name":"emfi.cz","logo":{"@type":"ImageObject","@id":"\/logo.png","url":"\/logo.png","width":600,"height":60}},"image":{"@type":"ImageObject","@id":"https:\/\/www.emfi.cz\/wp-content\/uploads\/img_a367579_w2990_t1580109759.jpg","url":"https:\/\/www.emfi.cz\/wp-content\/uploads\/img_a367579_w2990_t1580109759.jpg","height":0,"width":0},"keywords":null},{"@type":"Article","@id":"https:\/\/www.emfi.cz\/motorkari-a-jejich-obleceni\/","headline":"Motork\u00e1\u0159i a jejich oble\u010den\u00ed","url":"https:\/\/www.emfi.cz\/motorkari-a-jejich-obleceni\/","datePublished":"2019-06-12","dateModified":"2023-05-07","mainEntityOfPage":"https:\/\/www.emfi.cz\/motorkari-a-jejich-obleceni\/","author":{"@type":"Person","@id":"https:\/\/www.emfi.cz\/author\/#Person","name":"","url":"https:\/\/www.emfi.cz\/author\/","identifier":1,"image":{"@type":"ImageObject","@id":"https:\/\/secure.gravatar.com\/avatar\/e0a4ee3123bc6cda06472cb29cefd2abfa18c894e6c63b3d8bc84df8da10f637?s=96&d=mm&r=g","url":"https:\/\/secure.gravatar.com\/avatar\/e0a4ee3123bc6cda06472cb29cefd2abfa18c894e6c63b3d8bc84df8da10f637?s=96&d=mm&r=g","height":96,"width":96}},"publisher":{"@type":"Organization","name":"emfi.cz","logo":{"@type":"ImageObject","@id":"\/logo.png","url":"\/logo.png","width":600,"height":60}},"image":{"@type":"ImageObject","@id":"https:\/\/www.emfi.cz\/wp-content\/uploads\/img_a348035_w1936_t1562502064.jpg","url":"https:\/\/www.emfi.cz\/wp-content\/uploads\/img_a348035_w1936_t1562502064.jpg","height":0,"width":0},"keywords":null}]}