[{"@context":"https:\/\/schema.org\/","@type":"Article","@id":"https:\/\/www.emfi.cz\/cesta-za-menhirem\/#Article","mainEntityOfPage":"https:\/\/www.emfi.cz\/cesta-za-menhirem\/","headline":"Cesta za menhirem","name":"Cesta za menhirem","description":"V\u011bt\u0161ina z\u00a0n\u00e1s r\u00e1da cestuje. A zvl\u00e1\u0161\u0165 dovolen\u00e1 l\u00e1k\u00e1 na r\u016fzn\u00e9 v\u00fdlety. V\u0161ichni se chceme n\u011bkam pod\u00edvat i o t\u00e9 sebemen\u0161\u00ed dovolen\u00e9. Vyrazit lze kamkoliv. Za um\u011bn\u00edm, histori\u00ed nebo za z\u00e1bavou. Zl\u00e1kaj\u00ed i v\u00e1s ty prav\u011bk\u00e9 kamenn\u00e9 \u00fatvary, o kter\u00fdch je zn\u00e1mo \u017ee p\u016fsob\u00ed na lidskou populaci pozitivn\u011b a ukr\u00fdvaj\u00ed jist\u00fd druh energie? \u00a0Kamenn\u00fd past\u00fd\u0159 u [&hellip;]","datePublished":"2023-05-07","dateModified":"2023-05-07","author":{"@type":"Person","@id":"https:\/\/www.emfi.cz\/author\/#Person","name":"","url":"https:\/\/www.emfi.cz\/author\/","identifier":1,"image":{"@type":"ImageObject","@id":"https:\/\/secure.gravatar.com\/avatar\/e0a4ee3123bc6cda06472cb29cefd2abfa18c894e6c63b3d8bc84df8da10f637?s=96&d=mm&r=g","url":"https:\/\/secure.gravatar.com\/avatar\/e0a4ee3123bc6cda06472cb29cefd2abfa18c894e6c63b3d8bc84df8da10f637?s=96&d=mm&r=g","height":96,"width":96}},"publisher":{"@type":"Organization","name":"emfi.cz","logo":{"@type":"ImageObject","@id":"\/logo.png","url":"\/logo.png","width":600,"height":60}},"image":{"@type":"ImageObject","@id":"https:\/\/www.emfi.cz\/wp-content\/uploads\/img_a312181_w2389_t1523216509.jpg","url":"https:\/\/www.emfi.cz\/wp-content\/uploads\/img_a312181_w2389_t1523216509.jpg","height":0,"width":0},"url":"https:\/\/www.emfi.cz\/cesta-za-menhirem\/","wordCount":418,"articleBody":"V\u011bt\u0161ina z\u00a0n\u00e1s r\u00e1da cestuje. A zvl\u00e1\u0161\u0165 dovolen\u00e1 l\u00e1k\u00e1 na r\u016fzn\u00e9 v\u00fdlety. V\u0161ichni se chceme n\u011bkam pod\u00edvat i o t\u00e9 sebemen\u0161\u00ed dovolen\u00e9. Vyrazit lze kamkoliv. Za um\u011bn\u00edm, histori\u00ed nebo za z\u00e1bavou. Zl\u00e1kaj\u00ed i v\u00e1s ty prav\u011bk\u00e9 kamenn\u00e9 \u00fatvary, o kter\u00fdch je zn\u00e1mo \u017ee p\u016fsob\u00ed na lidskou populaci pozitivn\u011b a ukr\u00fdvaj\u00ed jist\u00fd druh energie?\u00a0Kamenn\u00fd past\u00fd\u0159 u KladnaSm\u011br n\u00e1s nav\u00e1d\u00ed za obec Klobouky. Tam na otev\u0159en\u00e9m samotn\u00e9m poli stoj\u00ed nejvy\u0161\u0161\u00ed menhir zn\u00e1m\u00fd jako \u201ekamenn\u00fd past\u00fd\u0159\u201c. Jeho \u0161\u00ed\u0159ka dosahuje a\u017e jednoho metru a v\u00fd\u0161ka m\u011b\u0159\u00ed zhruba 3,5 metru. Ur\u010dit jak je p\u0159esn\u011b star\u00fd, to je velmi t\u011b\u017ek\u00e9. Silnice k\u00a0menhiru je oby\u010dejn\u00e1. Proto\u017ee je usazen v\u00a0poli a nen\u00ed tam \u017e\u00e1dn\u00e9 parkovi\u0161t\u011b, proto mnoho n\u00e1v\u0161t\u011bvn\u00edk\u016f jede a\u017e k\u00a0m\u00edstu na j\u00edzdn\u00edm kole. Av\u0161ak ani cesta autem nen\u00ed marn\u00e1. Proch\u00e1zkou z\u00a0Klobouk\u016f n\u00e1s m\u016f\u017ee zl\u00e1kat i kr\u00e1tk\u00e1 p\u011b\u0161\u00ed turistika p\u0159\u00edrodou.\u00a0Co je menhir v\u016fbec za\u010d?Menhir je pojmenov\u00e1n\u00ed, kter\u00e9 ozna\u010duje n\u011bco jako velk\u00fd k\u00e1men. Dalo by se \u0159\u00edct, \u017ee jde o kamenn\u00fd balvan. Tento \u00fatvar skr\u00fdv\u00e1 jist\u00e9 tajemstv\u00ed d\u0159\u00edv\u011bj\u0161\u00ed doby. Proto\u017ee ani ti nejlep\u0161\u00ed odborn\u00edci nep\u0159i\u0161li na to, jak\u00fd m\u011bl v\u016fbec v\u00fdznam pro na\u0161e p\u0159edky. Tak\u017ee t\u011b\u017eko m\u016f\u017eeme s\u00a0jistotou konstatovat, \u017ee jde o jak\u00fdsi sloup nebo t\u0159eba m\u00edsto kde se v\u00a0d\u00e1vn\u00fdch dob\u00e1ch konaly ritu\u00e1ly. Ka\u017edop\u00e1dn\u011b lid\u00e9, kte\u0159\u00ed nav\u0161t\u00edv\u00ed menhir, maj\u00ed prokazateln\u011b lep\u0161\u00ed n\u00e1ladu. A energie p\u016fsob\u00edc\u00ed po psychick\u00e9 str\u00e1nce nen\u00ed v\u016fbec vylou\u010dena. V\u017edy\u0165 i pouh\u00e1 meditace m\u016f\u017ee b\u00fdt origin\u00e1ln\u00ed na tomto zaj\u00edmav\u00e9m tajemn\u00e9m m\u00edst\u011b.\u00a0V\u00a0\u010cesk\u00e9 Republice je takov\u00fdch \u00fatvar\u016f opravdu m\u00e1lo. Doporu\u010dujeme tak\u00e9 v\u00fdlet za zaj\u00edmav\u00fdmi kameny do Drahomy\u0161le, Slav\u011bt\u00edna nebo do Orasic p\u0159\u00edpadn\u011b do nedalek\u00e9 Prahy. Pokud chceme cestovat po del\u0161\u00edch tras\u00e1ch, za zv\u00e1\u017een\u00ed stoj\u00ed i n\u00e1v\u0161t\u011bva t\u011bchto tajemn\u00fdch \u00fatvar\u016f v\u00a0zahrani\u010d\u00ed. Konkr\u00e9tn\u011b Breta\u0148 ve Francii skr\u00fdv\u00e1 r\u016fzn\u00e9 menhiry. Za zm\u00ednku stoj\u00ed i velmi zn\u00e1m\u00fd Stonehenge v\u00a0Anglii, kter\u00fd je takov\u00fdm \u0159ekn\u011bme kompletem mnoha obrovsk\u00fdch kamen\u016f.                                                                                                                                                                                                                                                                                                                                                                                        4.2\/5 - (6 votes)        "},{"@context":"https:\/\/schema.org\/","@type":"BreadcrumbList","itemListElement":[{"@type":"ListItem","position":1,"name":"Cesta za menhirem","item":"https:\/\/www.emfi.cz\/cesta-za-menhirem\/#breadcrumbitem"}]}]