[{"@context":"https:\/\/schema.org\/","@type":"Article","@id":"https:\/\/www.emfi.cz\/byty-pro-kazdeho\/#Article","mainEntityOfPage":"https:\/\/www.emfi.cz\/byty-pro-kazdeho\/","headline":"Byty pro ka\u017ed\u00e9ho","name":"Byty pro ka\u017ed\u00e9ho","description":"Cel\u00fd \u017eivot jste si p\u0159\u00e1li m\u00edt bydlen\u00ed, kter\u00e9 by spl\u0148ovalo do posledn\u00edho punt\u00edku va\u0161e p\u0159edstavy? Cel\u00fd \u017eivot jste snili, \u017ee jednoho dne otev\u0159ete dve\u0159e a nam\u00edsto \u0161pinav\u00e9 panel\u00e1kov\u00e9 chodby se p\u0159ed v\u00e1mi otev\u0159e pohled na zahradu, kter\u00e1 je va\u0161e? A co tomu br\u00e1n\u00ed? Do kdy chcete \u010dekat na v\u00e1\u0161 sen? Jak dlouho mysl\u00edte, \u017ee v\u00e1s [&hellip;]","datePublished":"2023-11-30","dateModified":"2023-11-30","author":{"@type":"Person","@id":"https:\/\/www.emfi.cz\/author\/#Person","name":"","url":"https:\/\/www.emfi.cz\/author\/","identifier":1,"image":{"@type":"ImageObject","@id":"https:\/\/secure.gravatar.com\/avatar\/e0a4ee3123bc6cda06472cb29cefd2abfa18c894e6c63b3d8bc84df8da10f637?s=96&d=mm&r=g","url":"https:\/\/secure.gravatar.com\/avatar\/e0a4ee3123bc6cda06472cb29cefd2abfa18c894e6c63b3d8bc84df8da10f637?s=96&d=mm&r=g","height":96,"width":96}},"publisher":{"@type":"Organization","name":"emfi.cz","logo":{"@type":"ImageObject","@id":"\/logo.png","url":"\/logo.png","width":600,"height":60}},"url":"https:\/\/www.emfi.cz\/byty-pro-kazdeho\/","wordCount":262,"articleBody":"Cel\u00fd \u017eivot jste si p\u0159\u00e1li m\u00edt bydlen\u00ed, kter\u00e9 by spl\u0148ovalo do posledn\u00edho punt\u00edku va\u0161e p\u0159edstavy? Cel\u00fd \u017eivot jste snili, \u017ee jednoho dne otev\u0159ete dve\u0159e a nam\u00edsto \u0161pinav\u00e9 panel\u00e1kov\u00e9 chodby se p\u0159ed v\u00e1mi otev\u0159e pohled na zahradu, kter\u00e1 je va\u0161e? A co tomu br\u00e1n\u00ed? Do kdy chcete \u010dekat na v\u00e1\u0161 sen? Jak dlouho mysl\u00edte, \u017ee v\u00e1s tento zp\u016fsob \u017eivota bude uspokojovat? Te\u010f se p\u0159ed v\u00e1mi otev\u00edr\u00e1 mo\u017enost, kter\u00e1 tu je\u0161t\u011b nebyla! Nab\u00edz\u00ed se v\u00e1m bydlen\u00ed v n\u00e1dhern\u00e9 klidn\u00e9 lokalit\u011b, kde budete m\u00edt k dispozici v\u0161e, co jste si kdy vysnili! Kr\u00e1sn\u00e9 bydlen\u00ed, balkon, zahrada, vlastn\u00ed parkov\u00e1n\u00ed! \u017de to zn\u00ed jako sen! Ne, obra\u0165te se na kvalitn\u00ed stavebn\u00ed firmu a v\u00e1\u0161 sen se m\u016f\u017ee st\u00e1t skute\u010dnost\u00ed! U byt\u016f Praha v\u00fdchod m\u00e1te jednozna\u010dnou z\u00e1ruku, \u017ee v\u0161e, co jste kdy cht\u011bli od bydlen\u00ed, bude spln\u011bno!U\u017e pro ten pocit\u017de si m\u016f\u017eete dop\u0159\u00e1t kvalitn\u00ed \u017eivot s nov\u00fdm bydlen\u00edm, by v\u00e1s m\u011bl p\u0159im\u011bt ke zm\u011bn\u011b va\u0161eho dosavadn\u00edho p\u016fsobi\u0161t\u011b! Nen\u00ed p\u0159eci jedno, kde \u017eijete, kde vychov\u00e1v\u00e1te sv\u00e9 d\u011bti! Vy sami byste m\u011bli cht\u00edt od \u017eivota v\u00edc!  Obra\u0165te, se na n\u00e1s, obra\u0165te se na zku\u0161enou stavebn\u00ed firmu, kter\u00e1 pro v\u00e1s p\u0159ipravila bydlen\u00ed na \u00farovni podle va\u0161ich p\u0159edstav!                                                                                                                                                                                                                                                                                                                                                                                        4.3\/5 - (9 votes)        "},{"@context":"https:\/\/schema.org\/","@type":"BreadcrumbList","itemListElement":[{"@type":"ListItem","position":1,"name":"Byty pro ka\u017ed\u00e9ho","item":"https:\/\/www.emfi.cz\/byty-pro-kazdeho\/#breadcrumbitem"}]}]