[{"@context":"https:\/\/schema.org\/","@type":"Article","@id":"https:\/\/www.emfi.cz\/byt-v-praze\/#Article","mainEntityOfPage":"https:\/\/www.emfi.cz\/byt-v-praze\/","headline":"Byt v Praze","name":"Byt v Praze","description":"V\u017edycky jsem cht\u011bla bydlet v Praze, proto\u017ee cel\u00fd \u017eivot jsem toti\u017e bydlela na vesnici, kde je opravdu p\u0159\u00edjemn\u00e9 prost\u0159ed\u00ed a taky vzduch. Samoz\u0159ejm\u011b, \u017ee tady nen\u00ed tolik m\u00edst, kam bych mohla j\u00edt se bavit. Kolikr\u00e1t se mi stalo, \u017ee jsem o v\u00edkendu z\u016fstala cel\u00fd den sama v domku na vesnici, proto\u017ee v\u0161ichni bydleli opravdu hodn\u011b [&hellip;]","datePublished":"2022-09-27","dateModified":"2023-05-07","author":{"@type":"Person","@id":"https:\/\/www.emfi.cz\/author\/#Person","name":"","url":"https:\/\/www.emfi.cz\/author\/","identifier":1,"image":{"@type":"ImageObject","@id":"https:\/\/secure.gravatar.com\/avatar\/e0a4ee3123bc6cda06472cb29cefd2abfa18c894e6c63b3d8bc84df8da10f637?s=96&d=mm&r=g","url":"https:\/\/secure.gravatar.com\/avatar\/e0a4ee3123bc6cda06472cb29cefd2abfa18c894e6c63b3d8bc84df8da10f637?s=96&d=mm&r=g","height":96,"width":96}},"publisher":{"@type":"Organization","name":"emfi.cz","logo":{"@type":"ImageObject","@id":"\/logo.png","url":"\/logo.png","width":600,"height":60}},"image":{"@type":"ImageObject","@id":"https:\/\/www.emfi.cz\/wp-content\/uploads\/prague-3010407_960_720.jpg","url":"https:\/\/www.emfi.cz\/wp-content\/uploads\/prague-3010407_960_720.jpg","height":0,"width":0},"url":"https:\/\/www.emfi.cz\/byt-v-praze\/","about":["Neza\u0159azen\u00e9"],"wordCount":421,"articleBody":"       V\u017edycky jsem cht\u011bla bydlet v Praze, proto\u017ee cel\u00fd \u017eivot jsem toti\u017e bydlela na vesnici, kde je opravdu p\u0159\u00edjemn\u00e9 prost\u0159ed\u00ed a taky vzduch. Samoz\u0159ejm\u011b, \u017ee tady nen\u00ed tolik m\u00edst, kam bych mohla j\u00edt se bavit. Kolikr\u00e1t se mi stalo, \u017ee jsem o v\u00edkendu z\u016fstala cel\u00fd den sama v domku na vesnici, proto\u017ee v\u0161ichni bydleli opravdu hodn\u011b daleko. A j\u00e1 jsem nem\u011bla auto. Tak\u017ee jsem nev\u011bd\u011bla, jak se ke kamar\u00e1d\u016fm a p\u0159\u00e1tel\u016fm dostat. Oni sice n\u011bkdy p\u0159\u00e1tel\u00e9 taky p\u0159ijeli, ale pozd\u011bji zjistily, \u017ee na vesnici je nuda. Co taky chcete d\u011blat o v\u00edkendu na vesnici? Samoz\u0159ejm\u011b, \u017ee zase v l\u00e9t\u011b to je opravdu perfektn\u00ed v tom, \u017ee na sv\u00e9 zahrad\u011b mohu grilovat a po\u0159\u00e1dat r\u016fzn\u00e9 zahradn\u00ed p\u00e1rty. Tohle se taky l\u00edb\u00ed ka\u017ed\u00e9mu, tak\u017ee v\u017edycky v l\u00e9t\u011b to u m\u011b na zahrad\u011b \u017eije, tak\u017ee jsem r\u00e1da alespo\u0148 za tohle. Ale co v zim\u011b? Proto jsem se rozhodla, \u017ee se u\u017e kone\u010dn\u011b z vesnice odst\u011bhuji.A pojedu bydlet do Prahy. A mysl\u00edm si, \u017ee tam si najdu skv\u011bl\u00fd byt, potom taky dobrou pr\u00e1ci, kterou nutn\u011b budu pot\u0159ebovat. Cht\u011bla jsem taky m\u00edt skv\u011ble za\u0159\u00edzen\u00fd byt v Praze, proto jsem si taky objednala interi\u00e9rov\u00e9ho design\u00e9ra v Praze. Mysl\u00edm se, \u017ee interi\u00e9rov\u00fd design\u00e9r z Prahy nebude tak drah\u00fd, jak jsem si v\u017edycky myslela.Proto\u017ee na internetu jsem si na\u0161la opravdu nejlevn\u011bj\u0161\u00edho interi\u00e9rov\u00e9ho design\u00e9ra z Prahy, kter\u00e9ho jsem tam na\u0161la. A mus\u00edm \u0159\u00edct, \u017ee jsem s jeho slu\u017ebami byla opravdu nadm\u00edru spokojen\u00e1. A kdy\u017e jsem potom vid\u011bla sv\u016fj byt v Praze, jak mi ho interi\u00e9rov\u00fd pra\u017esk\u00fd designer ud\u011blal, nemohla jsem v\u011b\u0159it vlastn\u00edm o\u010d\u00edm. A bylo to opravdu dokonal\u00e9 a j\u00e1 jsem si \u0159\u00edkala, \u017ee to bude st\u00e1t asi hodn\u011b pen\u011bz. Byla jsem r\u00e1da, kdy\u017e jsem platila sotva p\u016flku z toho, jsem si myslela. Tak se taky nemus\u00edte b\u00e1t a klidn\u011b si objednejte interi\u00e9rov\u00e9ho design\u00e9ra z Prahy. Alespo\u0148 to bude pro v\u00e1s opravdu velmi p\u0159\u00edjemn\u00e1 zm\u011bna. Mysl\u00edm si, \u017ee ka\u017ed\u00fd byt \u010di d\u016fm n\u011bkdy pot\u0159ebuje radu interi\u00e9rov\u00e9ho design\u00e9ra z Prahy Evalofa.                                                                                                                                                                                                                                                                                                                                                                                           4.1\/5 - (7 votes)        "},{"@context":"https:\/\/schema.org\/","@type":"BreadcrumbList","itemListElement":[{"@type":"ListItem","position":1,"name":"Byt v Praze","item":"https:\/\/www.emfi.cz\/byt-v-praze\/#breadcrumbitem"}]}]